{"id":49178,"date":"2020-11-18T12:59:53","date_gmt":"2020-11-18T11:59:53","guid":{"rendered":"https:\/\/old.mercatflors.cat\/?p=49178"},"modified":"2020-11-18T16:32:32","modified_gmt":"2020-11-18T15:32:32","slug":"nuevas-fechas-de-las-sesiones-de-practica-artistica-de-la-societat-doctor-alonso","status":"publish","type":"post","link":"https:\/\/old.mercatflors.cat\/es\/actualidad\/nuevas-fechas-de-las-sesiones-de-practica-artistica-de-la-societat-doctor-alonso\/","title":{"rendered":"Nuevas fechas de las sesiones de pr\u00e1ctica art\u00edstica de la Societat Doctor Alonso"},"content":{"rendered":"<p>Tanto el taller como la presentaci\u00f3n del libro <em>El Desenterrador, m\u00e9todo para la excavaci\u00f3n de palabras<\/em> de la Societat Doctor Alonso, han cambiado las fechas para poder llevar a cabo todas las actividades, ya que debieron ser suspendidas siguiendo las instrucciones de las autoridades sanitarias.<\/p>\n<p>As\u00ed pues, las dos sesiones de pr\u00e1ctica art\u00edstica tendr\u00e1n lugar los d\u00edas 1 y 2 de diciembre, y la presentaci\u00f3n del libro ser\u00e1 el 2 de diciembre a las 19 h. Posteriormente, a las 20 h, se mostrar\u00e1 el resultado del taller en una sesi\u00f3n abierta al p\u00fablico con el nombre de <em>Excavaci\u00f3n p\u00fablica<\/em>.<\/p>\n<p>Para asistir a cualquier actividad ser\u00e1 necesario hacer una inscripci\u00f3n previa.<\/p>\n<p><a href=\"https:\/\/old.mercatflors.cat\/activitat\/sessions-de-practica-artistica\/\"><strong>Informaci\u00f3n<\/strong><\/a><\/p>\n","protected":false},"excerpt":{"rendered":"<p>Tanto el taller como la presentaci\u00f3n del libro El Desenterrador, [&hellip;]<\/p>\n","protected":false},"author":1,"featured_media":0,"comment_status":"open","ping_status":"open","sticky":false,"template":"","format":"standard","meta":[],"categories":[16],"tags":[],"_links":{"self":[{"href":"https:\/\/old.mercatflors.cat\/es\/wp-json\/wp\/v2\/posts\/49178\/"}],"collection":[{"href":"https:\/\/old.mercatflors.cat\/es\/wp-json\/wp\/v2\/posts\/"}],"about":[{"href":"https:\/\/old.mercatflors.cat\/es\/wp-json\/wp\/v2\/types\/post\/"}],"author":[{"embeddable":true,"href":"https:\/\/old.mercatflors.cat\/es\/wp-json\/wp\/v2\/users\/1\/"}],"replies":[{"embeddable":true,"href":"https:\/\/old.mercatflors.cat\/es\/wp-json\/wp\/v2\/comments\/?post=49178"}],"version-history":[{"count":0,"href":"https:\/\/old.mercatflors.cat\/es\/wp-json\/wp\/v2\/posts\/49178\/revisions\/"}],"wp:attachment":[{"href":"https:\/\/old.mercatflors.cat\/es\/wp-json\/wp\/v2\/media\/?parent=49178"}],"wp:term":[{"taxonomy":"category","embeddable":true,"href":"https:\/\/old.mercatflors.cat\/es\/wp-json\/wp\/v2\/categories\/?post=49178"},{"taxonomy":"post_tag","embeddable":true,"href":"https:\/\/old.mercatflors.cat\/es\/wp-json\/wp\/v2\/tags\/?post=49178"}],"curies":[{"name":"wp","href":"https:\/\/api.w.org\/{rel}","templated":true}]}}