{"id":49212,"date":"2020-11-26T10:15:54","date_gmt":"2020-11-26T09:15:54","guid":{"rendered":"https:\/\/old.mercatflors.cat\/?p=49212"},"modified":"2021-01-12T11:20:03","modified_gmt":"2021-01-12T10:20:03","slug":"el-mercat-acoge-la-gala-de-los-finalistas-del-premio-de-danza-del-institut-del-teatre","status":"publish","type":"post","link":"https:\/\/old.mercatflors.cat\/es\/actualidad\/el-mercat-acoge-la-gala-de-los-finalistas-del-premio-de-danza-del-institut-del-teatre\/","title":{"rendered":"El Mercat acoge la gala de los finalistas del Premio de Danza del Institut del Teatre"},"content":{"rendered":"<p>El Mercat de les Flors acoge este domingo 29 de noviembre, a las 18 h, la funci\u00f3n de los finalistas del Premio de Danza del Institut del Teatre 2020, un galard\u00f3n que busca potenciar el trabajo de j\u00f3venes creadores e int\u00e9rpretes, ofreci\u00e9ndoles una ajuda econ\u00f3mic a la producci\u00f3n, as\u00ed como la exhibici\u00f3n de la pieza ganadora y de las finalistas en contextos profesionales.<\/p>\n<p>En esta sexta edici\u00f3n del premio, los proyectos seleccionados han sido <em>Japan<\/em>, de Mabel Olea; <em>Oblivion<\/em>, de S\u00edlvia Batet; <em>Pod\u00edkia<\/em> y <em>Spam. Only for you<\/em>, de Cl\u00e0udia Mirambell.<\/p>\n<p>Ahora las core\u00f3grafas finalistas, todas ellas graduadea en e <a href=\"https:\/\/www.institutdelteatre.cat\/escoles\/csd.htm\" data-href=\"\/escoles\/csd.htm\">Conservatori Superior de Dansa<\/a> del Institut del Teatre, presentar\u00e1n una pieza de 15 minutos en el Mercat de les Flors y al final de la gala el jurado proclamar\u00e1 cu\u00e1l es la pieza ganadora, que se programar\u00e1 en el Festival Grec de Barcelona 2021 en un espect\u00e1culo de 50 minutos.<\/p>\n<p>Al final de la gala el jurado tambi\u00e9n otorgar\u00e1 los premios a la Mejor Bailarina, mientras que el SAT Teatre escoger\u00e1 una de las coreograf\u00edas finalistas que no haya resultado la guanadora del premio para desarrollarla en formato de espect\u00e1culo coreogr\u00e1fico de un m\u00ednimo de 50 minutos en su espacio durante la temporada 2021-22.<\/p>\n<p>Por otro lado, el p\u00fablico tambi\u00e9n podr\u00e1 participar votado\u00a0 la coreograf\u00eda que m\u00e1s le haya gustado de forma telem\u00e1tica\u00a0a trav\u00e9s de un formulario en l\u00ednea una vez presentadas las coreograf\u00edas finalistas. La coreograf\u00eda m\u00e1s votada tambi\u00e9n se dar\u00e0 a conocer con el resto de premios al finalizar la gala.<\/p>\n<p>Este a\u00f1o, dada la situaci\u00f3n de restricciones por el COVID-19, el aforo a la sala est\u00e1 limitado al 50%. Las entradas son con reserva previa y nominales.<\/p>\n<p>Pod\u00e9is ver el programa completo de la gala en el apartato<a href=\"https:\/\/www.institutdelteatre.cat\/pl583\/activitats\/cartellera\/id1781\/premi-de-dansa-de-l-institut-del-teatre-2020-funcio-dels-finalistes.htm\" data-href=\"https:\/\/www.institutdelteatre.cat\/pl583\/activitats\/cartellera\/id1781\/premi-de-dansa-de-l-institut-del-teatre-2020-funcio-dels-finalistes.htm\"> web cartellera IT<\/a> y en<a href=\"https:\/\/www.institutdelteatre.cat\/files\/doc6986\/programa-premi-de-dansa-2020.pdf\">este documento en pdf.<\/a><\/p>\n<p>Para ampliar la informaci\u00f3n sobre las cuatro finalistas pod\u00e9is consultar este <a title=\"Informaci\u00f3 dels finalistes del Premi de Dansa 2020\" href=\"https:\/\/www.institutdelteatre.cat\/files\/doc6964\/curriculums-finalistes-ok.pdf\">documento en pdf.<\/a><\/p>\n<p>El Premio de Danza del Institut del Teatre est\u00e1 organizado con la colaboraci\u00f3n del <a href=\"https:\/\/www.barcelona.cat\/grec\/ca\">Grec Festival Barcelona<\/a>, <a href=\"https:\/\/old.mercatflors.cat\/\">Mercat de les Flors<\/a>, <a href=\"http:\/\/granerbcn.cat\/\">Graner<\/a>, \u00a0<a href=\"https:\/\/www.sat-teatre.cat\/espectacles\/dansa\/\">SAT Espai Dansat<\/a>, <a href=\"http:\/\/www.lacaldera.info\/\">La Caldera Les Corts<\/a>,\u00a0el <a href=\"http:\/\/ajuntament.barcelona.cat\/ccivics\/barceloneta\">Centre C\u00edvic Barceloneta<\/a> y <a href=\"http:\/\/www.dansacat.org\/\">la Associaci\u00f3 de Professional de la Dansa de Catalunya APdC<\/a> i <a href=\"http:\/\/lestruch.sabadell.cat\/\">L&#8217;Estruch<\/a>.<\/p>\n<p>Encontrar\u00e9is toda la informaci\u00f3n sobre el Premio de Danza del Institut del Teatre en este <a href=\"https:\/\/www.institutdelteatre.cat\/pl605\/itimpulsa\/graduatsigraduades\/ajuts\/id32\/premidansa.htm\" data-href=\"\/pl605\/itimpulsa\/graduatsigraduades\/ajuts\/id32\/premidansa.htm\">enlace.<\/a><\/p>\n","protected":false},"excerpt":{"rendered":"<p>El Mercat de les Flors acoge este domingo 29 de [&hellip;]<\/p>\n","protected":false},"author":1,"featured_media":0,"comment_status":"open","ping_status":"open","sticky":false,"template":"","format":"standard","meta":[],"categories":[16],"tags":[],"_links":{"self":[{"href":"https:\/\/old.mercatflors.cat\/es\/wp-json\/wp\/v2\/posts\/49212\/"}],"collection":[{"href":"https:\/\/old.mercatflors.cat\/es\/wp-json\/wp\/v2\/posts\/"}],"about":[{"href":"https:\/\/old.mercatflors.cat\/es\/wp-json\/wp\/v2\/types\/post\/"}],"author":[{"embeddable":true,"href":"https:\/\/old.mercatflors.cat\/es\/wp-json\/wp\/v2\/users\/1\/"}],"replies":[{"embeddable":true,"href":"https:\/\/old.mercatflors.cat\/es\/wp-json\/wp\/v2\/comments\/?post=49212"}],"version-history":[{"count":0,"href":"https:\/\/old.mercatflors.cat\/es\/wp-json\/wp\/v2\/posts\/49212\/revisions\/"}],"wp:attachment":[{"href":"https:\/\/old.mercatflors.cat\/es\/wp-json\/wp\/v2\/media\/?parent=49212"}],"wp:term":[{"taxonomy":"category","embeddable":true,"href":"https:\/\/old.mercatflors.cat\/es\/wp-json\/wp\/v2\/categories\/?post=49212"},{"taxonomy":"post_tag","embeddable":true,"href":"https:\/\/old.mercatflors.cat\/es\/wp-json\/wp\/v2\/tags\/?post=49212"}],"curies":[{"name":"wp","href":"https:\/\/api.w.org\/{rel}","templated":true}]}}