{"id":49387,"date":"2020-12-17T13:13:22","date_gmt":"2020-12-17T12:13:22","guid":{"rendered":"https:\/\/old.mercatflors.cat\/?p=49387"},"modified":"2021-03-11T16:14:59","modified_gmt":"2021-03-11T15:14:59","slug":"cambio-de-fechas-del-espectaculo-de-sol-pico","status":"publish","type":"post","link":"https:\/\/old.mercatflors.cat\/es\/actualidad\/cambio-de-fechas-del-espectaculo-de-sol-pico\/","title":{"rendered":"Cambio de fechas del espect\u00e1culo de Sol Pic\u00f3"},"content":{"rendered":"<p>Per cuestiones de programaci\u00f3n, el espect\u00e1culo\u00a0<em>Animal de s\u00e9quia<\/em>, de la bailarina y core\u00f3grafa alcoyana <strong>Sol Pic\u00f3<\/strong>, cambia de fechas y <strong>tendr\u00e1 lugar el s\u00e1bado 13 de marzo a las 20h, y el domingo 14 de marzo a las 18h<\/strong><\/p>\n<p>Las entradas vendidas para enero se traspasar\u00e1n a marzo. Los espectadores que quieran solicitar un cambio o un reembolso deber\u00e1n escribir a <a href=\"mailto:publics@mercatflors.cat\"><span style=\"color: #0000ff;\">publics@mercatflors.cat<\/span><\/a><\/p>\n<p>Las funciones de <em>Figure a sea<\/em> de <strong>Deborah Hay<\/strong> previstas para las mismas fechas quedan canceladas. Debido a la prohibici\u00f3n temporal por parte del gobierno sueco de hacer giras internacionales a las compa\u00f1\u00edas de su pa\u00eds, el ballet <strong>Cullberg<\/strong> no podr\u00e1 viajar a Barcelona para representar las piezas <em>Figure a Sea<\/em>, <em>The Match<\/em> y <em>Horse<\/em>, que estaban programadas en marzo dentro de la Constelaci\u00f3n que este a\u00f1o dedic\u00e1bamos a la artista estadounidense Deborah Hay. Informaremos de las modalidades del reembolso de las entradas de la Constelaci\u00f3n Deborah Hay durante la pr\u00f3xima semana a trav\u00e9s de los canales habituales.<\/p>\n","protected":false},"excerpt":{"rendered":"<p>Per cuestiones de programaci\u00f3n, el espect\u00e1culo\u00a0Animal de s\u00e9quia, de la [&hellip;]<\/p>\n","protected":false},"author":1,"featured_media":0,"comment_status":"open","ping_status":"open","sticky":false,"template":"","format":"standard","meta":[],"categories":[16],"tags":[],"_links":{"self":[{"href":"https:\/\/old.mercatflors.cat\/es\/wp-json\/wp\/v2\/posts\/49387\/"}],"collection":[{"href":"https:\/\/old.mercatflors.cat\/es\/wp-json\/wp\/v2\/posts\/"}],"about":[{"href":"https:\/\/old.mercatflors.cat\/es\/wp-json\/wp\/v2\/types\/post\/"}],"author":[{"embeddable":true,"href":"https:\/\/old.mercatflors.cat\/es\/wp-json\/wp\/v2\/users\/1\/"}],"replies":[{"embeddable":true,"href":"https:\/\/old.mercatflors.cat\/es\/wp-json\/wp\/v2\/comments\/?post=49387"}],"version-history":[{"count":0,"href":"https:\/\/old.mercatflors.cat\/es\/wp-json\/wp\/v2\/posts\/49387\/revisions\/"}],"wp:attachment":[{"href":"https:\/\/old.mercatflors.cat\/es\/wp-json\/wp\/v2\/media\/?parent=49387"}],"wp:term":[{"taxonomy":"category","embeddable":true,"href":"https:\/\/old.mercatflors.cat\/es\/wp-json\/wp\/v2\/categories\/?post=49387"},{"taxonomy":"post_tag","embeddable":true,"href":"https:\/\/old.mercatflors.cat\/es\/wp-json\/wp\/v2\/tags\/?post=49387"}],"curies":[{"name":"wp","href":"https:\/\/api.w.org\/{rel}","templated":true}]}}