{"id":49412,"date":"2020-12-21T14:26:28","date_gmt":"2020-12-21T13:26:28","guid":{"rendered":"https:\/\/old.mercatflors.cat\/?p=49412"},"modified":"2021-04-08T11:51:46","modified_gmt":"2021-04-08T10:51:46","slug":"cancelacion-de-la-constelacion-deborah-hay-y-del-espectaculo-de-marina-mascarell-con-skanes-dansteater","status":"publish","type":"post","link":"https:\/\/old.mercatflors.cat\/es\/actualidad\/cancelacion-de-la-constelacion-deborah-hay-y-del-espectaculo-de-marina-mascarell-con-skanes-dansteater\/","title":{"rendered":"Cancelados la Constelaci\u00f3n Deborah Hay y el espect\u00e1culo de Marina Mascarell"},"content":{"rendered":"<p>Tal como <a href=\"https:\/\/old.mercatflors.cat\/es\/actualidad\/cambio-de-fechas-del-espectaculo-de-sol-pico\/\"><u>inform\u00e1bamos hace unos d\u00edas<\/u><\/a>, los espect\u00e1culos que forman la Constelaci\u00f3n que dedic\u00e1bamos a la creadora <strong>Deborah Hay<\/strong> durante el mes de marzo se han tenido que cancelar debido a las restricciones temporales que ha aplicado el gobierno sueco y que afectan al <strong>Cullberg Ballet<\/strong>, que deb\u00eda participar en algunos de los espect\u00e1culos de la Constelaci\u00f3n.\u00a0Esta Constelaci\u00f3n se pospone a la pr\u00f3xima temporada.<\/p>\n<p>Por otro lado, y por la misma restricci\u00f3n que proh\u00edbe las giras internacionales de las compa\u00f1\u00edas suecas, lamentamos informar de la cancelaci\u00f3n del espect\u00e1culo \u2018Second Landscape\u2019 de la core\u00f3grafa valenciana <strong>Marina Mascarell<\/strong>\u00a0con los bailarines del <strong>Skanes Dansteater<\/strong>.<\/p>\n<p>El reembolso de las entradas se har\u00e1 durante los quince primeros d\u00edas de enero.<\/p>\n<p>Para las entradas adquiridas en la web no es necesario hacer nada, el importe se retornar\u00e1 en la tarjeta (no en la cuenta) con la que se hizo el pago.<\/p>\n<p>Para las entradas adquiridas en taquilla hay que ponerse en contacto con\u00a0<span style=\"color: #0000ff;\"><a style=\"color: #0000ff;\" href=\"mailto:publics@mercatflors.cat\">publics@mercatflors.cat<\/a> <\/span>lo antes posible indicando un n\u00famero de cuenta para recibir el importe, o solicitando un vale para ser cambiado por otras entradas.<\/p>\n","protected":false},"excerpt":{"rendered":"<p>Tal como inform\u00e1bamos hace unos d\u00edas, los espect\u00e1culos que forman [&hellip;]<\/p>\n","protected":false},"author":1,"featured_media":0,"comment_status":"open","ping_status":"open","sticky":false,"template":"","format":"standard","meta":[],"categories":[16],"tags":[],"_links":{"self":[{"href":"https:\/\/old.mercatflors.cat\/es\/wp-json\/wp\/v2\/posts\/49412\/"}],"collection":[{"href":"https:\/\/old.mercatflors.cat\/es\/wp-json\/wp\/v2\/posts\/"}],"about":[{"href":"https:\/\/old.mercatflors.cat\/es\/wp-json\/wp\/v2\/types\/post\/"}],"author":[{"embeddable":true,"href":"https:\/\/old.mercatflors.cat\/es\/wp-json\/wp\/v2\/users\/1\/"}],"replies":[{"embeddable":true,"href":"https:\/\/old.mercatflors.cat\/es\/wp-json\/wp\/v2\/comments\/?post=49412"}],"version-history":[{"count":0,"href":"https:\/\/old.mercatflors.cat\/es\/wp-json\/wp\/v2\/posts\/49412\/revisions\/"}],"wp:attachment":[{"href":"https:\/\/old.mercatflors.cat\/es\/wp-json\/wp\/v2\/media\/?parent=49412"}],"wp:term":[{"taxonomy":"category","embeddable":true,"href":"https:\/\/old.mercatflors.cat\/es\/wp-json\/wp\/v2\/categories\/?post=49412"},{"taxonomy":"post_tag","embeddable":true,"href":"https:\/\/old.mercatflors.cat\/es\/wp-json\/wp\/v2\/tags\/?post=49412"}],"curies":[{"name":"wp","href":"https:\/\/api.w.org\/{rel}","templated":true}]}}