{"id":49586,"date":"2021-01-14T14:14:46","date_gmt":"2021-01-14T13:14:46","guid":{"rendered":"https:\/\/old.mercatflors.cat\/?p=49586"},"modified":"2021-03-11T16:16:02","modified_gmt":"2021-03-11T15:16:02","slug":"se-cancelan-las-dos-sesiones-una-horita-antes-de-enero","status":"publish","type":"post","link":"https:\/\/old.mercatflors.cat\/es\/actualidad\/se-cancelan-las-dos-sesiones-una-horita-antes-de-enero\/","title":{"rendered":"Se cancelan las dos sesiones Una\u00a0Horita\u00a0Antes de enero"},"content":{"rendered":"<p>Las dos sesiones de la actividad dirigida a ni\u00f1as y ni\u00f1os <strong>Una\u00a0Horita\u00a0Antes<\/strong> propuestas por los espect\u00e1culos Talla \u00danica\u00a0<em>Chotto\u00a0Xenos<\/em>, de\u00a0Akram\u00a0Kan, y\u00a0<em>Hocus\u00a0Pocus<\/em>, de Philippe\u00a0Saire, <strong>no podr\u00e1n ser llevadas a cabo a causa de las restricciones sanitarias<\/strong>.<\/p>\n<p>En la web y las redes sociales se facilitar\u00e1n informaciones adicionales que ayudar\u00e1n a contextualizar estos espect\u00e1culos, como por ejemplo una entrevista al bailar\u00edn de\u00a0Chotto\u00a0Xenos\u00a0Nicolas\u00a0Ricchini\u00a0o textos referentes a las piezas escritos por te\u00f3ricos colaboradores del Mercado.<\/p>\n","protected":false},"excerpt":{"rendered":"<p>Las dos sesiones de la actividad dirigida a ni\u00f1as y [&hellip;]<\/p>\n","protected":false},"author":1,"featured_media":0,"comment_status":"open","ping_status":"open","sticky":false,"template":"","format":"standard","meta":[],"categories":[16],"tags":[],"_links":{"self":[{"href":"https:\/\/old.mercatflors.cat\/es\/wp-json\/wp\/v2\/posts\/49586\/"}],"collection":[{"href":"https:\/\/old.mercatflors.cat\/es\/wp-json\/wp\/v2\/posts\/"}],"about":[{"href":"https:\/\/old.mercatflors.cat\/es\/wp-json\/wp\/v2\/types\/post\/"}],"author":[{"embeddable":true,"href":"https:\/\/old.mercatflors.cat\/es\/wp-json\/wp\/v2\/users\/1\/"}],"replies":[{"embeddable":true,"href":"https:\/\/old.mercatflors.cat\/es\/wp-json\/wp\/v2\/comments\/?post=49586"}],"version-history":[{"count":0,"href":"https:\/\/old.mercatflors.cat\/es\/wp-json\/wp\/v2\/posts\/49586\/revisions\/"}],"wp:attachment":[{"href":"https:\/\/old.mercatflors.cat\/es\/wp-json\/wp\/v2\/media\/?parent=49586"}],"wp:term":[{"taxonomy":"category","embeddable":true,"href":"https:\/\/old.mercatflors.cat\/es\/wp-json\/wp\/v2\/categories\/?post=49586"},{"taxonomy":"post_tag","embeddable":true,"href":"https:\/\/old.mercatflors.cat\/es\/wp-json\/wp\/v2\/tags\/?post=49586"}],"curies":[{"name":"wp","href":"https:\/\/api.w.org\/{rel}","templated":true}]}}