{"id":49620,"date":"2021-01-18T19:39:11","date_gmt":"2021-01-18T18:39:11","guid":{"rendered":"https:\/\/old.mercatflors.cat\/?p=49620"},"modified":"2021-07-05T09:00:17","modified_gmt":"2021-07-05T08:00:17","slug":"modificaciones-en-la-programacion-de-la-temporada","status":"publish","type":"post","link":"https:\/\/old.mercatflors.cat\/es\/actualidad\/modificaciones-en-la-programacion-de-la-temporada\/","title":{"rendered":"Modificaciones en la programaci\u00f3n de la temporada"},"content":{"rendered":"<p>Algunos de los espect\u00e1culos programados por esta temporada 2020-21 han tenido que ser pospuestos y otros se ven afectados por cambios de horario, a causa de las restricciones sanitarias que impone la pandemia mundial. Algunas compa\u00f1\u00edas internacionales que estaban programadas no pueden viajar a otros pa\u00edses por disposici\u00f3n de sus gobiernos, como por ejemplo la core\u00f3grafa americana\u00a0Deborah\u00a0Hay, la canadiense Catherine\u00a0Gaudet\u00a0o los ballets suecos\u00a0Cullberg y\u00a0<em>Sk\u00e5nes Dansteater. <\/em><\/p>\n<p><span style=\"color: #800000;\"><strong>Cambios de fechas y cancelaciones<\/strong><\/span><\/p>\n<p>. el espect\u00e1culo <a href=\"https:\/\/old.mercatflors.cat\/es\/espectacle\/animal-de-sequia\/\"><em><span style=\"color: #0000ff;\">Animal de s\u00e8quia<\/span><\/em><\/a>, de la core\u00f3grafa <strong>SOL PIC\u00d3<\/strong>, se celebrar\u00e1 el 13 y 14 de mazo (en vez del 21 y 22 de enero).<\/p>\n<p>. se pospone la <strong>constelaci\u00f3n<\/strong> alrededor de <strong>DEBORAH HAY<\/strong>\u00a0con el <strong>Ballet Cullberg<\/strong> hasta la pr\u00f3xima temporada. Estaba previsto que se vieran 4 piezas y diferentes actividades durante el mes de marzo.<\/p>\n<p>. se pospone tambi\u00e9n\u00a0<a href=\"https:\/\/old.mercatflors.cat\/es\/espectacle\/nueva-creacion\/\"><em><span style=\"color: #0000ff;\">Second Landscape<\/span><\/em><\/a>, de <strong>MARINA <\/strong><strong>MASCARELL<\/strong> con\u00a0<strong><em>Sk\u00e5nes Dansteater<\/em><\/strong><em>, <\/em>que se ten\u00eda que presentar en el Mercat, del 18 al 21 de marzo<em>.<\/em><\/p>\n<p><em>. se cancela <\/em><em><a href=\"https:\/\/old.mercatflors.cat\/es\/espectacle\/laffadissement-du-merveilleux\/\"><span style=\"color: #0000ff;\">L\u2019affadissement<\/span> <span style=\"color: #0000ff;\">du mervelleux<\/span><\/a>, <\/em>de la core\u00f3grafa canadiense\u00a0<strong>CATHERINE GAUDET<\/strong> previsto para los d\u00edas 26 y 27 de febrero.<\/p>\n<p>. se cancela el taller inclu\u00eddo dentro de la actividad peri\u00f3dica S\u00e1bados con taller previsto para el s\u00e1bado 23 de enero con la compa\u00f1\u00eda Mumusic Circus.<\/p>\n<p><span style=\"color: #800000;\"><strong>Nuevo espect\u00e1culo<\/strong><\/span><\/p>\n<p>Com el fin de reprogramar la temporada, el Mercat ha incorporado a la programaci\u00f3n el <strong>BALLET DE LORRAINE<\/strong>, que presenta un <a href=\"https:\/\/old.mercatflors.cat\/es\/espectacle\/3-coreografias-de-merce-cunningham-for-four-walls-rain-forest-y-sounddance\/\"><span style=\"color: #0000ff;\">programa en torno del core\u00f3grafo Merce Cunnigham<\/span><\/a>: <em>For four Walls<\/em>, pieza con 24 bailarines y m\u00fasica de John Cage interpretada en directo; <em>RainForest<\/em>, con escenograf\u00eda de Andy Warhol, 6 bailarines y 2 m\u00fasicos en vivo, y\u00a0<em>Sounddance<\/em>, con 10 bailarines.<\/p>\n<p><span style=\"color: #800000;\"><strong>Cambios de horarios<\/strong><\/span><\/p>\n<p>En previsi\u00f3n de la prolongaci\u00f3n del confinamiento nocturno en Catalu\u00f1a, el Mercat debe cambiar los horarios de los siguientes espect\u00e1culos: <a href=\"https:\/\/old.mercatflors.cat\/es\/espectacle\/requiem-nocturn\/\"><em><span style=\"color: #0000ff;\">R\u00e8quiem nocturn<\/span><\/em><\/a><span style=\"color: #0000ff;\">,<\/span> de Pere Faura (del 5 al 7 y del 12 al 14 de febrero) pasa a las 20 h. y la actividad &#8216;Una Hora Antes&#8217; del 6 de febrero a las 19 h. El espect\u00e1culo\u00a0<a href=\"https:\/\/old.mercatflors.cat\/es\/espectacle\/retratos-errantes\/\"><span style=\"color: #0000ff;\"><em>Retrats errants<\/em> <\/span><\/a>del Group LaBolsa (6 y 7 de febrero) es ver\u00e1n a las 18:30 h, as\u00ed como\u00a0<a href=\"https:\/\/old.mercatflors.cat\/es\/espectacle\/cada-presente-que-habitas\/\"><em><span style=\"color: #0000ff;\">Cada presente que habitas<\/span><\/em><\/a>, de Lipi Hern\u00e1ndez (13 y 14 de febrero) a las 18:30 h.<\/p>\n<p>Los espect\u00e1culos y actividades que se ven afectados por los cambios del mes de marzo son el <a href=\"https:\/\/old.mercatflors.cat\/es\/espectacle\/3-coreografias-de-merce-cunningham-for-four-walls-rain-forest-y-sounddance\/\"><em><span style=\"color: #0000ff;\">Programa Cunningham<\/span><\/em><\/a>, del Ballet de Lorraine: los d\u00edas 19 y 20 de marzo se ver\u00e1n a les 19 h y domingo 21 a las 18 h; la actividad &#8216;Una Hora Antes&#8217; del 20 de marzo pasa a las 18 h.\u00a0 I por \u00faltimo, la pieza de Olivier Dubois <span style=\"color: #0000ff;\"><a style=\"color: #0000ff;\" href=\"https:\/\/old.mercatflors.cat\/es\/espectacle\/my-body-of-coming-forth-by-day\/\">\u00a0<em>My body of coming forth by day<\/em> <\/a><\/span>\u00a0pasa a las 20:45 h el 20 de marzo y a las 19:45 h el 21 y el 19 de marzo se a\u00f1ade una nueva funci\u00f3n a las 20:45 h; la Hora Antes de este espect\u00e1culo prevista para el 20 de marzo ser\u00e1 a las 19:45 h.<\/p>\n<p>El Mercat de les Flors continua con su programaci\u00f3n, tanto nacional como internacional, exceptuando las mencionadas cancelaciones. Su aforo, como en el resto de espacios esc\u00e9nicos, est\u00e1 reducido a un 50%.<\/p>\n<p>&nbsp;<\/p>\n","protected":false},"excerpt":{"rendered":"<p>Algunos de los espect\u00e1culos programados por esta temporada 2020-21 han [&hellip;]<\/p>\n","protected":false},"author":1,"featured_media":0,"comment_status":"open","ping_status":"open","sticky":false,"template":"","format":"standard","meta":[],"categories":[16],"tags":[],"_links":{"self":[{"href":"https:\/\/old.mercatflors.cat\/es\/wp-json\/wp\/v2\/posts\/49620\/"}],"collection":[{"href":"https:\/\/old.mercatflors.cat\/es\/wp-json\/wp\/v2\/posts\/"}],"about":[{"href":"https:\/\/old.mercatflors.cat\/es\/wp-json\/wp\/v2\/types\/post\/"}],"author":[{"embeddable":true,"href":"https:\/\/old.mercatflors.cat\/es\/wp-json\/wp\/v2\/users\/1\/"}],"replies":[{"embeddable":true,"href":"https:\/\/old.mercatflors.cat\/es\/wp-json\/wp\/v2\/comments\/?post=49620"}],"version-history":[{"count":0,"href":"https:\/\/old.mercatflors.cat\/es\/wp-json\/wp\/v2\/posts\/49620\/revisions\/"}],"wp:attachment":[{"href":"https:\/\/old.mercatflors.cat\/es\/wp-json\/wp\/v2\/media\/?parent=49620"}],"wp:term":[{"taxonomy":"category","embeddable":true,"href":"https:\/\/old.mercatflors.cat\/es\/wp-json\/wp\/v2\/categories\/?post=49620"},{"taxonomy":"post_tag","embeddable":true,"href":"https:\/\/old.mercatflors.cat\/es\/wp-json\/wp\/v2\/tags\/?post=49620"}],"curies":[{"name":"wp","href":"https:\/\/api.w.org\/{rel}","templated":true}]}}