{"id":4967,"date":"2012-12-21T13:15:32","date_gmt":"2012-12-21T13:15:32","guid":{"rendered":"https:\/\/old.mercatflors.cat\/?p=4967"},"modified":"2013-02-25T09:36:44","modified_gmt":"2013-02-25T09:36:44","slug":"marcos-morau-ha-sido-galardonado-por-los-premios-time-out","status":"publish","type":"post","link":"https:\/\/old.mercatflors.cat\/es\/actualidad\/marcos-morau-ha-sido-galardonado-por-los-premios-time-out\/","title":{"rendered":"Marcos Morau ha sido galardonado por los Premios Time Out"},"content":{"rendered":"<p>El core\u00f3grafo Marcos Morau ha sido escogido como mejor creador de los Premios Time Out 2012 por sus creaciones al frente de La Veronal, su compa\u00f1\u00eda. Morau es artista asociado al Mercat de les Flors, que le ha apoyado desde sus inicios y que presentar\u00e1 en el Mercat <em>Siena<\/em>, su nuevo espect\u00e1culo, del 22 al 24 de marzo y del 5 al 7 de abril de 2013.<\/p>\n<p><a href=\"https:\/\/old.mercatflors.cat\/es\/espectacle\/siena\/\"><span style=\"color: #0000ff;\"><strong>EL ESPECT\u00c1CULO<\/strong><\/span><\/a><\/p>\n<p>&nbsp;<\/p>\n","protected":false},"excerpt":{"rendered":"<p>El core\u00f3grafo Marcos Morau ha sido escogido como mejor creador [&hellip;]<\/p>\n","protected":false},"author":1,"featured_media":0,"comment_status":"open","ping_status":"open","sticky":false,"template":"","format":"standard","meta":[],"categories":[16],"tags":[],"_links":{"self":[{"href":"https:\/\/old.mercatflors.cat\/es\/wp-json\/wp\/v2\/posts\/4967\/"}],"collection":[{"href":"https:\/\/old.mercatflors.cat\/es\/wp-json\/wp\/v2\/posts\/"}],"about":[{"href":"https:\/\/old.mercatflors.cat\/es\/wp-json\/wp\/v2\/types\/post\/"}],"author":[{"embeddable":true,"href":"https:\/\/old.mercatflors.cat\/es\/wp-json\/wp\/v2\/users\/1\/"}],"replies":[{"embeddable":true,"href":"https:\/\/old.mercatflors.cat\/es\/wp-json\/wp\/v2\/comments\/?post=4967"}],"version-history":[{"count":0,"href":"https:\/\/old.mercatflors.cat\/es\/wp-json\/wp\/v2\/posts\/4967\/revisions\/"}],"wp:attachment":[{"href":"https:\/\/old.mercatflors.cat\/es\/wp-json\/wp\/v2\/media\/?parent=4967"}],"wp:term":[{"taxonomy":"category","embeddable":true,"href":"https:\/\/old.mercatflors.cat\/es\/wp-json\/wp\/v2\/categories\/?post=4967"},{"taxonomy":"post_tag","embeddable":true,"href":"https:\/\/old.mercatflors.cat\/es\/wp-json\/wp\/v2\/tags\/?post=4967"}],"curies":[{"name":"wp","href":"https:\/\/api.w.org\/{rel}","templated":true}]}}