{"id":501,"date":"2012-01-10T10:55:20","date_gmt":"2012-01-10T10:55:20","guid":{"rendered":"https:\/\/old.mercatflors.cat\/?p=501"},"modified":"2012-07-20T10:55:49","modified_gmt":"2012-07-20T10:55:49","slug":"ya-se-puede-consultar-la-web-del-mov-s-2012","status":"publish","type":"post","link":"https:\/\/old.mercatflors.cat\/es\/actualidad\/ya-se-puede-consultar-la-web-del-mov-s-2012\/","title":{"rendered":"Ya se puede consultar la web del MOV-S 2012"},"content":{"rendered":"<p><strong>Las jornadas impulsadas por el Mercat tendr\u00e1n lugar en C\u00e1diz<\/strong><\/p>\n<p>La cuarta edici\u00f3n del MOV-S tendr\u00e1 lugar del 14 al 17 de junio en C\u00e1diz. El MOV-S 2012 se presenta este a\u00f1o como un proceso de trabajo colaborativo que culminar\u00e1 en un encuentro iberoamericano de profesionales, colectivos y organizaciones vinculadas a la danza. Y desde esta semana ya est\u00e1 en marcha la web, as\u00ed como los canales de facebook, Twitter, Flickr, Issuu y Youtube.<\/p>\n<p><a href=\"http:\/\/www.mov-s.org\/\" target=\"_blank\">www.mov-s.org<\/a><\/p>\n","protected":false},"excerpt":{"rendered":"<p>Las jornadas impulsadas por el Mercat tendr\u00e1n lugar en C\u00e1diz [&hellip;]<\/p>\n","protected":false},"author":1,"featured_media":0,"comment_status":"open","ping_status":"open","sticky":false,"template":"","format":"standard","meta":[],"categories":[16],"tags":[],"_links":{"self":[{"href":"https:\/\/old.mercatflors.cat\/es\/wp-json\/wp\/v2\/posts\/501\/"}],"collection":[{"href":"https:\/\/old.mercatflors.cat\/es\/wp-json\/wp\/v2\/posts\/"}],"about":[{"href":"https:\/\/old.mercatflors.cat\/es\/wp-json\/wp\/v2\/types\/post\/"}],"author":[{"embeddable":true,"href":"https:\/\/old.mercatflors.cat\/es\/wp-json\/wp\/v2\/users\/1\/"}],"replies":[{"embeddable":true,"href":"https:\/\/old.mercatflors.cat\/es\/wp-json\/wp\/v2\/comments\/?post=501"}],"version-history":[{"count":0,"href":"https:\/\/old.mercatflors.cat\/es\/wp-json\/wp\/v2\/posts\/501\/revisions\/"}],"wp:attachment":[{"href":"https:\/\/old.mercatflors.cat\/es\/wp-json\/wp\/v2\/media\/?parent=501"}],"wp:term":[{"taxonomy":"category","embeddable":true,"href":"https:\/\/old.mercatflors.cat\/es\/wp-json\/wp\/v2\/categories\/?post=501"},{"taxonomy":"post_tag","embeddable":true,"href":"https:\/\/old.mercatflors.cat\/es\/wp-json\/wp\/v2\/tags\/?post=501"}],"curies":[{"name":"wp","href":"https:\/\/api.w.org\/{rel}","templated":true}]}}