{"id":50182,"date":"2021-03-02T19:52:01","date_gmt":"2021-03-02T18:52:01","guid":{"rendered":"https:\/\/old.mercatflors.cat\/?p=50182"},"modified":"2021-04-08T11:54:13","modified_gmt":"2021-04-08T10:54:13","slug":"quim-bigas-pone-en-relacion-la-danza-y-los-espacios-de-la-fundacio-miro-en-el-marco-del-dancing-museums","status":"publish","type":"post","link":"https:\/\/old.mercatflors.cat\/es\/actualidad\/quim-bigas-pone-en-relacion-la-danza-y-los-espacios-de-la-fundacio-miro-en-el-marco-del-dancing-museums\/","title":{"rendered":"Quim Bigas, en la Fundaci\u00f3 Mir\u00f3 en el marco del Dancing Museums"},"content":{"rendered":"<p>Contin\u00faa la residencia del artista <span style=\"color: #333333;\"><a style=\"color: #333333;\" href=\"https:\/\/quimbigas.com\/\"><strong>Quim Bigas<\/strong><\/a><\/span> en la <a href=\"https:\/\/www.fmirobcn.org\/ca\/\"><strong>Fundaci\u00f3 Mir\u00f3<\/strong><\/a> en el marco de la segunda edici\u00f3n del <a href=\"https:\/\/www.dancingmuseums.com\/\"><strong>Dancing Museums<\/strong><\/a>, en la cual el <a href=\"https:\/\/old.mercatflors.cat\/dancing-museums\/\"><strong>Mercat de les Flors<\/strong><\/a>\u00a0participa como estructura promotora. Un programa de investigaci\u00f3n y de acci\u00f3n dise\u00f1ado para fomentar y mantener colaboraciones a largo plazo entre organizaciones de danza, museos, universidades y comunidades locales para desarrollar programas art\u00edsticos y culturales inspiradores y duraderos.<\/p>\n<p>En este momento del proyecto,\u00a0Bigas\u00a0ha propuesto a ocho bailarines y bailarinas que habiten los espacios de exhibici\u00f3n del museo mientras est\u00e1 cerrado para estudiar como la arquitectura afecta su danza. Dante Murillo,\u00a0Junyi\u00a0Sun,\u00a0Karol\u00a0Galindo, Anabella Pareja Robinson, S\u00f2nia\u00a0Sanchez, Rosa Mu\u00f1oz,\u00a0Vivian\u00a0Friedrich y\u00a0Georgia\u00a0Vardarou\u00a0habitar\u00e1n la Fundaci\u00f3n Mir\u00f3 entre el 17 de febrero y el 8 de marzo mientras el museo est\u00e1 cerrado. Despu\u00e9s de sus visitas establecer\u00e1n una correspondencia con\u00a0Bigas\u00a0para dialogar sobre la experiencia subjetiva de como la danza es alojada por la arquitectura y como la distribuci\u00f3n de la colecci\u00f3n de obras influencia un cuerpo en movimiento.<\/p>\n<p>Del 22 al 25 de marzo, el artista residente y los ocho artistas invitados grabar\u00e1n un video habitando solo los espacios vac\u00edos del museo utilizando varias estrategias de composici\u00f3n instant\u00e1nea. Este trabajo videogr\u00e1fico se incluir\u00e1 en la colecci\u00f3n de obras de la Fundaci\u00f3 Mir\u00f3.<\/p>\n<p>Para mayor informaci\u00f3n sobre el estado del proyecto pod\u00e9is visionar esta entrevista de Quim\u00a0Bigas\u00a0para el canal de\u00a0youtube\u00a0de\u00a0Dancing\u00a0Museums\u00a0(VO\u00a0en ingl\u00e9s subtitulada al catal\u00e1n):<\/p>\n<p><iframe loading=\"lazy\" width=\"500\" height=\"281\" src=\"https:\/\/www.youtube.com\/embed\/ryg60tt0dqk?feature=oembed\" frameborder=\"0\" allow=\"accelerometer; autoplay; clipboard-write; encrypted-media; gyroscope; picture-in-picture\" allowfullscreen><\/iframe><\/p>\n<p><img decoding=\"async\" loading=\"lazy\" class=\"alignnone size-medium wp-image-49036\" src=\"https:\/\/old.mercatflors.cat\/wp-content\/uploads\/2020\/11\/Dancing-Museums-retallat-350x79.jpg\" alt=\"\" width=\"350\" height=\"79\" srcset=\"https:\/\/old.mercatflors.cat\/wp-content\/uploads\/2020\/11\/Dancing-Museums-retallat-350x79.jpg 350w, https:\/\/old.mercatflors.cat\/wp-content\/uploads\/2020\/11\/Dancing-Museums-retallat-768x173.jpg 768w, https:\/\/old.mercatflors.cat\/wp-content\/uploads\/2020\/11\/Dancing-Museums-retallat-790x178.jpg 790w, https:\/\/old.mercatflors.cat\/wp-content\/uploads\/2020\/11\/Dancing-Museums-retallat.jpg 1008w\" sizes=\"(max-width: 350px) 100vw, 350px\" \/><\/p>\n","protected":false},"excerpt":{"rendered":"<p>Contin\u00faa la residencia del artista Quim Bigas en la Fundaci\u00f3 [&hellip;]<\/p>\n","protected":false},"author":1,"featured_media":0,"comment_status":"open","ping_status":"open","sticky":false,"template":"","format":"standard","meta":[],"categories":[16],"tags":[],"_links":{"self":[{"href":"https:\/\/old.mercatflors.cat\/es\/wp-json\/wp\/v2\/posts\/50182\/"}],"collection":[{"href":"https:\/\/old.mercatflors.cat\/es\/wp-json\/wp\/v2\/posts\/"}],"about":[{"href":"https:\/\/old.mercatflors.cat\/es\/wp-json\/wp\/v2\/types\/post\/"}],"author":[{"embeddable":true,"href":"https:\/\/old.mercatflors.cat\/es\/wp-json\/wp\/v2\/users\/1\/"}],"replies":[{"embeddable":true,"href":"https:\/\/old.mercatflors.cat\/es\/wp-json\/wp\/v2\/comments\/?post=50182"}],"version-history":[{"count":0,"href":"https:\/\/old.mercatflors.cat\/es\/wp-json\/wp\/v2\/posts\/50182\/revisions\/"}],"wp:attachment":[{"href":"https:\/\/old.mercatflors.cat\/es\/wp-json\/wp\/v2\/media\/?parent=50182"}],"wp:term":[{"taxonomy":"category","embeddable":true,"href":"https:\/\/old.mercatflors.cat\/es\/wp-json\/wp\/v2\/categories\/?post=50182"},{"taxonomy":"post_tag","embeddable":true,"href":"https:\/\/old.mercatflors.cat\/es\/wp-json\/wp\/v2\/tags\/?post=50182"}],"curies":[{"name":"wp","href":"https:\/\/api.w.org\/{rel}","templated":true}]}}