{"id":50411,"date":"2021-03-23T10:09:37","date_gmt":"2021-03-23T09:09:37","guid":{"rendered":"https:\/\/old.mercatflors.cat\/?p=50411"},"modified":"2021-07-05T08:59:30","modified_gmt":"2021-07-05T07:59:30","slug":"nuevos-cambios-de-horarios-de-la-programacion","status":"publish","type":"post","link":"https:\/\/old.mercatflors.cat\/es\/general-es\/nuevos-cambios-de-horarios-de-la-programacion\/","title":{"rendered":"Nuevos cambios de horarios de la programaci\u00f3n"},"content":{"rendered":"<p>Debido a las restricciones sanitarias impuestas por la pandemia del Covid-19, hemos tenido que continuar modificando algunos de los horarios de las pr\u00f3ximas funciones. Los nuevos horarios son los siguientes:<\/p>\n<p><strong>AYELEN PAROLIN<\/strong><\/p>\n<p><em><a href=\"https:\/\/old.mercatflors.cat\/es\/espectacle\/47689\/\"><span style=\"color: #0000ff;\">Wherever the Music Takes You II + WITH<\/span><\/a> (WITH <\/em>se a\u00f1ade a las funciones de <em>Wherever the Music&#8230;)<\/em><br \/>\n9 y 10 de abril a las 18:30 h.<\/p>\n<p><span style=\"color: #0000ff;\"><a style=\"color: #0000ff;\" href=\"https:\/\/old.mercatflors.cat\/es\/espectacle\/weg\/\"><em>WEG<\/em><\/a><\/span><br \/>\n10 de abril a las 20:30 h.<br \/>\n11 abril a las 18 h.<\/p>\n<p><em>*** Se suspende la propuesta S\u00e1bado Doble<\/em><\/p>\n<p><strong>LA VERONAL<\/strong><br \/>\n<a href=\"https:\/\/old.mercatflors.cat\/es\/espectacle\/sonoma\/\"><span style=\"color: #0000ff;\"><em>Sonoma<\/em><\/span><\/a><br \/>\nDel 22 al 25 de abril<br \/>\n20.30 h (dg 18 h)<\/p>\n<p><strong>MANUEL LI\u00d1\u00c1N<\/strong><br \/>\n<span style=\"color: #0000ff;\"><a style=\"color: #0000ff;\" href=\"https:\/\/old.mercatflors.cat\/es\/espectacle\/47615\/\"><em>\u00a1Viva!<\/em><\/a><\/span><br \/>\n30 abril y 1 mayo a las 20 h.<br \/>\n2 de mayo a las\u00a019 h.<\/p>\n<p><strong>EXPLICA DANSA<\/strong><br \/>\n<span style=\"color: #0000ff;\"><a style=\"color: #0000ff;\" href=\"https:\/\/old.mercatflors.cat\/es\/espectacle\/tra-tra-tra-tradicion-transmision-traicion\/\"><em>Tra Tra Tra- Transmisi\u00f3n, tradici\u00f3n, traici\u00f3n<\/em><\/a><\/span><br \/>\n29 y\u00a030\u00a0de abril\u00a0a las 18 h (se cancelan las funciones de los d\u00edas 1 y 2 de mayo)<\/p>\n<p><strong>BACH PROJECT, DE MAL PELO<\/strong><br \/>\n<span style=\"color: #0000ff;\"><a style=\"color: #0000ff;\" href=\"https:\/\/old.mercatflors.cat\/es\/espectacle\/bach-project-constelacion-highlands\/\"><em>Highlands<\/em><\/a><\/span><br \/>\n6, 7 y 8 de mayo a las 19 h y 9 de mayo a las 18 h.<\/p>\n<p><em>Una Hora Antes<\/em><br \/>\n8 de mayo a las 18 h.<\/p>\n<p><span style=\"color: #0000ff;\"><a style=\"color: #0000ff;\" href=\"https:\/\/old.mercatflors.cat\/es\/espectacle\/bach-project-constelacion-concierto-de-joel-bardolet-y-jaume-guri-violinistas\/\"><em>Concierto de Joel Bardolet y Jaume Guri, violinistas<\/em><\/a><\/span><br \/>\n8 de mayo a las 20:30 h.<\/p>\n<p><a href=\"https:\/\/old.mercatflors.cat\/es\/espectacle\/bach-project-constelacion-on-goldberg-variations-variations\/\"><em><span style=\"color: #0000ff;\">On Goldberg Variations \/ Variations<\/span><\/em><\/a><br \/>\n13 y 14 de mayo a las 19 h.<\/p>\n<p><a href=\"https:\/\/old.mercatflors.cat\/es\/espectacle\/bach-project-constelacion-concierto-johann-sebastian-bach-dan-tepfer-inventions-reinventions\/\"><span style=\"color: #0000ff;\"><em>Concert\u00a0de Dan Tepfer<\/em><\/span><\/a><br \/>\n14 de mayo a las 20:30 h.<\/p>\n<p><strong>VOETVOLK \/ LISBETH GRUWEZ &amp; MAARTEN VAN CAUWENBERGHE<\/strong><br \/>\n<span style=\"color: #0000ff;\"><a style=\"color: #0000ff;\" href=\"https:\/\/old.mercatflors.cat\/es\/espectacle\/the-sea-within\/\"><em>The Sea Within<\/em><\/a><\/span><br \/>\n21 y 22 de mayo a las 20 h.<\/p>\n<p><span style=\"color: #0000ff;\"><a style=\"color: #0000ff;\" href=\"https:\/\/old.mercatflors.cat\/es\/espectacle\/its-going-to-get-worse-and-worse-and-worse-my-friend\/\"><em>It\u2019s going to get worse and worse and worse, my friend<\/em><\/a><\/span><br \/>\n22 de mayo a las 18:30\u00a0h.<\/p>\n<p><em>*** Se suspende la propuesta S\u00e1bado Doble<\/em><\/p>\n<p>Os pedimos que disculpeis las molestias y os agradecemos vuestra comprensi\u00f3n. En caso que estas modificaciones horarias os impidan asistir a los espect\u00e1culos que ten\u00edais reservados, por favor poneos en contacto con\u00a0<span style=\"color: #0000ff;\"><a style=\"color: #0000ff;\" href=\"mailto:publics@mercatflors.cat\">publics@mercatflors.cat<\/a><\/span><\/p>\n","protected":false},"excerpt":{"rendered":"<p>Debido a las restricciones sanitarias impuestas por la pandemia del [&hellip;]<\/p>\n","protected":false},"author":1,"featured_media":0,"comment_status":"open","ping_status":"open","sticky":false,"template":"","format":"standard","meta":[],"categories":[16,4],"tags":[],"_links":{"self":[{"href":"https:\/\/old.mercatflors.cat\/es\/wp-json\/wp\/v2\/posts\/50411\/"}],"collection":[{"href":"https:\/\/old.mercatflors.cat\/es\/wp-json\/wp\/v2\/posts\/"}],"about":[{"href":"https:\/\/old.mercatflors.cat\/es\/wp-json\/wp\/v2\/types\/post\/"}],"author":[{"embeddable":true,"href":"https:\/\/old.mercatflors.cat\/es\/wp-json\/wp\/v2\/users\/1\/"}],"replies":[{"embeddable":true,"href":"https:\/\/old.mercatflors.cat\/es\/wp-json\/wp\/v2\/comments\/?post=50411"}],"version-history":[{"count":0,"href":"https:\/\/old.mercatflors.cat\/es\/wp-json\/wp\/v2\/posts\/50411\/revisions\/"}],"wp:attachment":[{"href":"https:\/\/old.mercatflors.cat\/es\/wp-json\/wp\/v2\/media\/?parent=50411"}],"wp:term":[{"taxonomy":"category","embeddable":true,"href":"https:\/\/old.mercatflors.cat\/es\/wp-json\/wp\/v2\/categories\/?post=50411"},{"taxonomy":"post_tag","embeddable":true,"href":"https:\/\/old.mercatflors.cat\/es\/wp-json\/wp\/v2\/tags\/?post=50411"}],"curies":[{"name":"wp","href":"https:\/\/api.w.org\/{rel}","templated":true}]}}