{"id":50506,"date":"2021-04-07T11:51:05","date_gmt":"2021-04-07T10:51:05","guid":{"rendered":"https:\/\/old.mercatflors.cat\/?p=50506"},"modified":"2021-07-05T08:59:13","modified_gmt":"2021-07-05T07:59:13","slug":"el-mercat-en-la-plataforma-internacional-citerne-live-con-la-coloboracion-del-institut-ramon-llull","status":"publish","type":"post","link":"https:\/\/old.mercatflors.cat\/es\/actualidad\/el-mercat-en-la-plataforma-internacional-citerne-live-con-la-coloboracion-del-institut-ramon-llull\/","title":{"rendered":"El Mercat, en la plataforma internacional Citerne, con la colaboraci\u00f3n del Llull"},"content":{"rendered":"<p><a href=\"https:\/\/www.citerne.live\/events\/nocturne-requiem\"><span style=\"color: #0000ff;\"><strong>Citerne.live<\/strong><\/span><\/a> es una plataforma internacional de contenidos culturales esc\u00e9nicos online a la que el Mercat de les Flors se ha asociado esta temporada para programar contenidos on line de artistas locales, con la complicidad y la colaboraci\u00f3n del Institut Ramon LLull.<\/p>\n<p>As\u00ed, las pr\u00f3ximas creaciones que se ver\u00e1n en diferentes formatos son: el 17 de abril se presentaran dos v\u00eddeo-danza, <a href=\"https:\/\/www.citerne.live\/events\/gizaki\"><em><strong><span style=\"color: #0000ff;\">Gizaki<\/span><\/strong><\/em><\/a>, de Lali Ayguad\u00e9 y Akira Yoshida con direcci\u00f3n de Edu P\u00e9rez, y <a href=\"https:\/\/www.citerne.live\/events\/la-hora-de-la-despedida\"><span style=\"color: #0000ff;\"><strong><em>La hora de la despedida<\/em><\/strong><\/span><\/a>, de Juan Carlos L\u00e9rida realizado por Andr\u00e9s Pino. Ambas piezas se podr\u00e1n ver entre las 12 h y las 23 h (el precio es de 4 \u20ac para las dos o de 3 \u20ac por separado).<\/p>\n<p>El 18 de abril se programar\u00e1 el espect\u00e1culo completo <a href=\"https:\/\/www.citerne.live\/events\/nocturne-requiem\"><strong><span style=\"color: #0000ff;\"><em>R\u00e9quiem Nocturno<\/em><\/span><\/strong><\/a> de Pere Faura, junto a documentaci\u00f3n sobre el proceso de creaci\u00f3n. Tambi\u00e9n se podr\u00e1 acceder a ver el espect\u00e1culo desde Citerne.live de las 12 a las 23 h y el precio ser\u00e1 de 5 \u20ac.<\/p>\n<p>Y el 29 de mayo a las 20 h la compa\u00f1\u00eda alemana DIN A 13, en colaboraci\u00f3n con el core\u00f3grafo Jordi Cort\u00e9s, presentar\u00e1 en streaming <em>cellar &amp; secrets BEYOND REASON, <\/em>producci\u00f3n digital con 4 bailarines y 8 c\u00e1maras en diferentes ciudades.<\/p>\n<p><a href=\"https:\/\/www.citerne.live\/\"><strong>+ info<\/strong><\/a><\/p>\n<p><img decoding=\"async\" loading=\"lazy\" class=\"alignnone wp-image-50496\" src=\"https:\/\/old.mercatflors.cat\/wp-content\/uploads\/2020\/12\/Institut_llull_Marca_Color_H-350x93.png\" alt=\"\" width=\"301\" height=\"80\" srcset=\"https:\/\/old.mercatflors.cat\/wp-content\/uploads\/2020\/12\/Institut_llull_Marca_Color_H-350x93.png 350w, https:\/\/old.mercatflors.cat\/wp-content\/uploads\/2020\/12\/Institut_llull_Marca_Color_H-768x203.png 768w, https:\/\/old.mercatflors.cat\/wp-content\/uploads\/2020\/12\/Institut_llull_Marca_Color_H-790x209.png 790w, https:\/\/old.mercatflors.cat\/wp-content\/uploads\/2020\/12\/Institut_llull_Marca_Color_H.png 1942w\" sizes=\"(max-width: 301px) 100vw, 301px\" \/><\/p>\n","protected":false},"excerpt":{"rendered":"<p>Citerne.live es una plataforma internacional de contenidos culturales esc\u00e9nicos online [&hellip;]<\/p>\n","protected":false},"author":1,"featured_media":0,"comment_status":"open","ping_status":"open","sticky":false,"template":"","format":"standard","meta":[],"categories":[16],"tags":[],"_links":{"self":[{"href":"https:\/\/old.mercatflors.cat\/es\/wp-json\/wp\/v2\/posts\/50506\/"}],"collection":[{"href":"https:\/\/old.mercatflors.cat\/es\/wp-json\/wp\/v2\/posts\/"}],"about":[{"href":"https:\/\/old.mercatflors.cat\/es\/wp-json\/wp\/v2\/types\/post\/"}],"author":[{"embeddable":true,"href":"https:\/\/old.mercatflors.cat\/es\/wp-json\/wp\/v2\/users\/1\/"}],"replies":[{"embeddable":true,"href":"https:\/\/old.mercatflors.cat\/es\/wp-json\/wp\/v2\/comments\/?post=50506"}],"version-history":[{"count":0,"href":"https:\/\/old.mercatflors.cat\/es\/wp-json\/wp\/v2\/posts\/50506\/revisions\/"}],"wp:attachment":[{"href":"https:\/\/old.mercatflors.cat\/es\/wp-json\/wp\/v2\/media\/?parent=50506"}],"wp:term":[{"taxonomy":"category","embeddable":true,"href":"https:\/\/old.mercatflors.cat\/es\/wp-json\/wp\/v2\/categories\/?post=50506"},{"taxonomy":"post_tag","embeddable":true,"href":"https:\/\/old.mercatflors.cat\/es\/wp-json\/wp\/v2\/tags\/?post=50506"}],"curies":[{"name":"wp","href":"https:\/\/api.w.org\/{rel}","templated":true}]}}