{"id":50594,"date":"2021-04-19T11:48:26","date_gmt":"2021-04-19T10:48:26","guid":{"rendered":"https:\/\/old.mercatflors.cat\/?p=50594"},"modified":"2022-01-22T17:43:53","modified_gmt":"2022-01-22T16:43:53","slug":"taller-a-cargo-de-la-compania-dancando-com-a-diferenca","status":"publish","type":"post","link":"https:\/\/old.mercatflors.cat\/es\/actualidad\/taller-a-cargo-de-la-compania-dancando-com-a-diferenca\/","title":{"rendered":"Taller a cargo de la compa\u00f1\u00eda Dan\u00e7ando com a diferen\u00e7a"},"content":{"rendered":"<p>La compa\u00f1\u00eda Dan\u00e7ando com a Diferen\u00e7a (Madeira) visita Barcelona para presentar la pieza <a href=\"https:\/\/old.mercatflors.cat\/es\/espectacle\/happy-island\/\"><em>Happy Island<\/em> <\/a>dirigida por La Ribot. La semana previa, los propios int\u00e9rpretes, personas con y sin diversidad intelectual y f\u00edsica, junto al director de la compa\u00f1\u00eda Henrique Amoedo, impartir\u00e1n un taller participado por un grupo de 15 personas diversas y con creadores que trabajan en proyectos inclusivos.<\/p>\n<p>El jueves 22 de abril a les 18 horas se presentar\u00e1 una sesi\u00f3n abierta del taller y un debate y dialogo posterior con la compa\u00f1\u00eda y los participantes sobre la experiencia y los contrastes entre los m\u00e9todos de trabajo.<\/p>\n<p>Este taller pretende dar a conocer, a trav\u00e9s de la evoluci\u00f3n del repertorio de la compa\u00f1\u00eda, el profundo proceso que el trabajo esc\u00e9nico desplegado a trav\u00e9s del crecimiento individual de todos aquellos que se ven afectados: la transformaci\u00f3n individual de los bailarines, sus familias, amigos y, finalmente, el entorno social circundante. Autoestima, autonom\u00eda y autorepresentaci\u00f3n son las tres \u201cAs\u201d con las que todo empieza, seg\u00fan Dan\u00e7ando com a Diferen\u00e7a.<\/p>\n<p>Como la l\u00ednea que enga\u00f1osamente une los mares y el cielo, Dan\u00e7ando com a Diferen\u00e7a es una estructura que aglutina diferentes frentes de intervenci\u00f3n y mecanismos de trabajo que permiten seguir el crecimiento de sus int\u00e9rpretes no s\u00f3lo como artistas, sino tambi\u00e9n como personas con su derechos y voz activa en la sociedad.<\/p>\n<p>A diferencia de una compa\u00f1\u00eda art\u00edstica al uso, Dan\u00e7ando com a Diferen\u00e7a est\u00e1 compuesta por los int\u00e9rpretes y sus familias. Con la direcci\u00f3n art\u00edstica y ejecutiva de Henrique Amoedo, las diferentes voluntades se unen a favor de la construcci\u00f3n de un espacio social menos hostil a la diversidad existente en esta asociaci\u00f3n y en la sociedad en general.<\/p>\n<p>El concepto de danza inclusiva, presentado y desarrollado por Henrique Amoedo, compone los cimientos de esta estructura que se basa en el Arte, la Educaci\u00f3n, la Salud y el bienestar social. El trabajo de Dan\u00e7ando com a Diferen\u00e7a opera a trav\u00e9s de diferentes iniciativas que pretenden llenar los vac\u00edos existentes en las sociedades contempor\u00e1neas respecto al tratamiento de las personas con discapacidad.<\/p>\n<p><a href=\"https:\/\/es.danca-inclusiva.com\/\">Web de la compa\u00f1\u00eda<\/a><\/p>\n<p><strong>Amb la col\u00b7laboraci\u00f3 Fundaci\u00f3 Banc Sabadell, en el marc del projecte C\u00c8L\u00b7LULA.<\/strong><\/p>\n<p><img decoding=\"async\" loading=\"lazy\" class=\"alignnone size-full wp-image-43059\" src=\"https:\/\/old.mercatflors.cat\/wp-content\/uploads\/2019\/07\/sabadellfund.png\" alt=\"\" width=\"152\" height=\"55\" \/><\/p>\n<p><iframe loading=\"lazy\" width=\"500\" height=\"281\" src=\"https:\/\/www.youtube.com\/embed\/Dyw89elnlCU?feature=oembed\" frameborder=\"0\" allow=\"accelerometer; autoplay; clipboard-write; encrypted-media; gyroscope; picture-in-picture\" allowfullscreen><\/iframe><\/p>\n<p><iframe loading=\"lazy\" width=\"500\" height=\"281\" src=\"https:\/\/www.youtube.com\/embed\/cRMZthh9Jns?feature=oembed\" frameborder=\"0\" allow=\"accelerometer; autoplay; clipboard-write; encrypted-media; gyroscope; picture-in-picture\" allowfullscreen><\/iframe><\/p>\n","protected":false},"excerpt":{"rendered":"<p>La compa\u00f1\u00eda Dan\u00e7ando com a Diferen\u00e7a (Madeira) visita Barcelona para [&hellip;]<\/p>\n","protected":false},"author":1,"featured_media":0,"comment_status":"open","ping_status":"open","sticky":false,"template":"","format":"standard","meta":[],"categories":[16],"tags":[],"_links":{"self":[{"href":"https:\/\/old.mercatflors.cat\/es\/wp-json\/wp\/v2\/posts\/50594\/"}],"collection":[{"href":"https:\/\/old.mercatflors.cat\/es\/wp-json\/wp\/v2\/posts\/"}],"about":[{"href":"https:\/\/old.mercatflors.cat\/es\/wp-json\/wp\/v2\/types\/post\/"}],"author":[{"embeddable":true,"href":"https:\/\/old.mercatflors.cat\/es\/wp-json\/wp\/v2\/users\/1\/"}],"replies":[{"embeddable":true,"href":"https:\/\/old.mercatflors.cat\/es\/wp-json\/wp\/v2\/comments\/?post=50594"}],"version-history":[{"count":0,"href":"https:\/\/old.mercatflors.cat\/es\/wp-json\/wp\/v2\/posts\/50594\/revisions\/"}],"wp:attachment":[{"href":"https:\/\/old.mercatflors.cat\/es\/wp-json\/wp\/v2\/media\/?parent=50594"}],"wp:term":[{"taxonomy":"category","embeddable":true,"href":"https:\/\/old.mercatflors.cat\/es\/wp-json\/wp\/v2\/categories\/?post=50594"},{"taxonomy":"post_tag","embeddable":true,"href":"https:\/\/old.mercatflors.cat\/es\/wp-json\/wp\/v2\/tags\/?post=50594"}],"curies":[{"name":"wp","href":"https:\/\/api.w.org\/{rel}","templated":true}]}}