{"id":50743,"date":"2021-05-03T12:21:13","date_gmt":"2021-05-03T11:21:13","guid":{"rendered":"https:\/\/old.mercatflors.cat\/?p=50743"},"modified":"2021-05-13T06:31:39","modified_gmt":"2021-05-13T05:31:39","slug":"enresidencia-estrena-la-sinfonia-de-las-diferencias-el-5-de-mayo","status":"publish","type":"post","link":"https:\/\/old.mercatflors.cat\/es\/actualidad\/enresidencia-estrena-la-sinfonia-de-las-diferencias-el-5-de-mayo\/","title":{"rendered":"ENRESiD\u00c8NCiA estrena &#8216;La sinfon\u00eda de las diferencias&#8217; el 5 de mayo"},"content":{"rendered":"<p>El alumnado de 4.\u00ba de ESO del Instituto Salvador Espriu cerrar\u00e1 el proceso de\u00a0ENRESiD\u00c8NCiA\u00a0el 5 de mayo, a las 18 h, con la presentaci\u00f3n de la creaci\u00f3n colectiva <em>La sinfon\u00eda de las diferencias<\/em>, dirigida por el artista residente David Climent. Durante los \u00faltimos dos meses se han sucedido los ensayos en el Casal de Joves del Clot y en la Sala Pina\u00a0Bausch, escenario de la presentaci\u00f3n.<\/p>\n<p>El grupo consolidado de 16 j\u00f3venes participantes ha vivido con intensidad y responsabilidad la proximidad de la fecha de presentaci\u00f3n en el Mercat de les Flors que culminar\u00e1 el trabajo que han desarrollado durante todo el curso. La comunidad educativa y familiar se ha sumado en esta \u00faltima fase del proceso de creaci\u00f3n para acompa\u00f1ar el joven equipo art\u00edstico hasta el momento de salir a escena.<\/p>\n<p>Climent ha continuado haciendo investigaci\u00f3n con el grupo para componer la partitura sonora que vertebra el espect\u00e1culo y que cada vez ha cogido m\u00e1s cuerpo y presencia, convirti\u00e9ndose en una protagonista m\u00e1s. Cada sesi\u00f3n de ensayo ha incorporado las mismas rutinas de calentamiento que son un punto de reencuentro entre el artista residente y las j\u00f3venes, acostumbradas a trabajar desde el cuerpo como punto de partida para hacer sus aportaciones creativas. Los \u00faltimos ensayos en el Mercat antes del estreno servir\u00e1n para acabar de dise\u00f1ar el dispositivo lum\u00ednico y el espacio esc\u00e9nico de la pieza, que dura unos veinte minutos.<\/p>\n<p>En el apartado de salidas, el grupo pudo participar de un espacio de di\u00e1logo con\u00a0Lali\u00a0Ayguad\u00e9\u00a0con motivo del estreno de &#8216;<span style=\"color: #0000ff;\"><a style=\"color: #0000ff;\" href=\"https:\/\/www.tnc.cat\/ca\/hidden\">Hidden&#8217;<\/a><\/span>\u00a0en el TNC, en el marco de la Quincena Metropolitana de Danza. El grupo del Instituto Salvador Espriu coincidi\u00f3 en el Centro C\u00edvico Fort\u00a0Pienc\u00a0con los dos grupos de los institutos que est\u00e1n haciendo los procesos de\u00a0ENRESiD\u00c8NCiA\u00a0con La Central del Circ.\u00a0Ayguad\u00e9\u00a0habl\u00f3 de su trayectoria y del desarrollo del proceso de creaci\u00f3n de la pieza que concluye la trilog\u00eda compuesta por\u00a0Kokoro\u00a0(2015) y\u00a0IUanMi\u00a0(2017), que reflexiona sobre la identidad. A continuaci\u00f3n se proyectaron unos fragmentos en video de la pieza, la core\u00f3grafa ofreci\u00f3 una demostraci\u00f3n de movimiento en directo y se abri\u00f3 el di\u00e1logo entre los j\u00f3venes y el artista moderado por el equipo de la Quincena.<\/p>\n<p>La \u00faltima salida se coincidi\u00f3 con la fiesta de Sant Jordi con la asistencia a la presentaci\u00f3n de &#8216;<span style=\"color: #0000ff;\"><a style=\"color: #0000ff;\" href=\"https:\/\/www.tnc.cat\/ca\/heroines-o-res\">Hero\u00efnes o res&#8217;<\/a><\/span>\u00a0en el TNC, dirigida por Ivan Morales y David Climent. La obra, especialmente dirigida a gente joven, conect\u00f3 con el proceso de creaci\u00f3n de <em>La sinfon\u00eda de las diferencias<\/em>. El departamento educativo del TNC bec\u00f3 los 16 j\u00f3venes por el v\u00ednculo con el artista y por la proximidad del instituto con el teatro. Tambi\u00e9n fue presente una representante del equipo de dinamizaci\u00f3n del Casal de Joves del Clot, suyo del grosor de los ensayos. Un ejemplo de la transversalidad de este proyecto que vincula desde la creaci\u00f3n a varios agentes: j\u00f3venes, equipaciones, institutos, teatros, festivales, artistas y familias.<\/p>\n<p>Pod\u00e9is seguir el DIARIO DEL PROCESO\u00a0<a href=\"https:\/\/blocsenresidencia.bcn.cat\/salvadorespriu2021\/\"><span style=\"color: #0000ff;\">aqu\u00ed\u00a0<\/span><\/a><\/p>\n<p>La residencia en el Institut Montju\u00efc, por su parte, se podr\u00e1 seguir <a href=\"http:\/\/granerbcn.cat\/educatius\/secundaria\/en-residencia\/\"><span style=\"color: #0000ff;\">aqu\u00ed<\/span><\/a><\/p>\n<p><em>EN RESiD\u00c8NCiA es un programa del Instituto de Cultura de Barcelona y el Consorcio de Educaci\u00f3n de Barcelona, ideado en cooperaci\u00f3n con la Asociaci\u00f3n A\u00a0Bao\u00a0A\u00a0Qu, que lleva los creadores a trabajar durante todo un curso en el aula. Este trabajo, que concluye con la presentaci\u00f3n de una pieza, en este caso vinculada a la danza y el movimiento, pone en di\u00e1logo de una manera intensa y significativa la creaci\u00f3n, educaci\u00f3n y mediaci\u00f3n.<\/em><\/p>\n<p><img decoding=\"async\" loading=\"lazy\" class=\"alignnone size-medium wp-image-50688\" src=\"https:\/\/old.mercatflors.cat\/wp-content\/uploads\/2021\/04\/210317_03-350x234.jpg\" alt=\"\" width=\"350\" height=\"234\" srcset=\"https:\/\/old.mercatflors.cat\/wp-content\/uploads\/2021\/04\/210317_03-350x234.jpg 350w, https:\/\/old.mercatflors.cat\/wp-content\/uploads\/2021\/04\/210317_03-768x513.jpg 768w, https:\/\/old.mercatflors.cat\/wp-content\/uploads\/2021\/04\/210317_03-734x490.jpg 734w\" sizes=\"(max-width: 350px) 100vw, 350px\" \/>\u00a0 \u00a0\u00a0<img decoding=\"async\" loading=\"lazy\" class=\"alignnone size-medium wp-image-50685\" src=\"https:\/\/old.mercatflors.cat\/wp-content\/uploads\/2021\/04\/210317_02-350x234.jpg\" alt=\"\" width=\"350\" height=\"234\" srcset=\"https:\/\/old.mercatflors.cat\/wp-content\/uploads\/2021\/04\/210317_02-350x234.jpg 350w, https:\/\/old.mercatflors.cat\/wp-content\/uploads\/2021\/04\/210317_02-768x513.jpg 768w, https:\/\/old.mercatflors.cat\/wp-content\/uploads\/2021\/04\/210317_02-734x490.jpg 734w\" sizes=\"(max-width: 350px) 100vw, 350px\" \/><\/p>\n","protected":false},"excerpt":{"rendered":"<p>El alumnado de 4.\u00ba de ESO del Instituto Salvador Espriu [&hellip;]<\/p>\n","protected":false},"author":1,"featured_media":0,"comment_status":"open","ping_status":"open","sticky":false,"template":"","format":"standard","meta":[],"categories":[16],"tags":[],"_links":{"self":[{"href":"https:\/\/old.mercatflors.cat\/es\/wp-json\/wp\/v2\/posts\/50743\/"}],"collection":[{"href":"https:\/\/old.mercatflors.cat\/es\/wp-json\/wp\/v2\/posts\/"}],"about":[{"href":"https:\/\/old.mercatflors.cat\/es\/wp-json\/wp\/v2\/types\/post\/"}],"author":[{"embeddable":true,"href":"https:\/\/old.mercatflors.cat\/es\/wp-json\/wp\/v2\/users\/1\/"}],"replies":[{"embeddable":true,"href":"https:\/\/old.mercatflors.cat\/es\/wp-json\/wp\/v2\/comments\/?post=50743"}],"version-history":[{"count":0,"href":"https:\/\/old.mercatflors.cat\/es\/wp-json\/wp\/v2\/posts\/50743\/revisions\/"}],"wp:attachment":[{"href":"https:\/\/old.mercatflors.cat\/es\/wp-json\/wp\/v2\/media\/?parent=50743"}],"wp:term":[{"taxonomy":"category","embeddable":true,"href":"https:\/\/old.mercatflors.cat\/es\/wp-json\/wp\/v2\/categories\/?post=50743"},{"taxonomy":"post_tag","embeddable":true,"href":"https:\/\/old.mercatflors.cat\/es\/wp-json\/wp\/v2\/tags\/?post=50743"}],"curies":[{"name":"wp","href":"https:\/\/api.w.org\/{rel}","templated":true}]}}