{"id":51099,"date":"2021-06-23T11:35:48","date_gmt":"2021-06-23T10:35:48","guid":{"rendered":"https:\/\/old.mercatflors.cat\/?p=51099"},"modified":"2021-07-05T08:59:58","modified_gmt":"2021-07-05T07:59:58","slug":"enresidencia-2020-2021-baja-el-telon","status":"publish","type":"post","link":"https:\/\/old.mercatflors.cat\/es\/general-es\/enresidencia-2020-2021-baja-el-telon\/","title":{"rendered":"ENRESiD\u00c8NCiA 2020\/2021 baja el tel\u00f3n"},"content":{"rendered":"<p>El artista residente David Climent, el alumnado de 4.\u00ba de ESO del Instituto Salvador Espriu y el profesorado han cerrado su participaci\u00f3n en el ENRESiD\u00c8NCiA\u00a0de este a\u00f1o. Una vez presentada en el Mercat de les Flors\u00a0su creaci\u00f3n colectiva <em>La sinfon\u00eda de las diferencias<\/em>, j\u00f3venes y adultos han podido coger distancia y hacer una valoraci\u00f3n del proceso que se ha desarrollado durante los \u00faltimos siete meses.<\/p>\n<p>Climent ha reivindicado el esfuerzo de los j\u00f3venes para sumarse a una creaci\u00f3n en clave contempor\u00e1nea dado que a menudo tienen una imagen estereotipada del lenguaje de la danza. En este sentido han sido de mucha utilidad las entrevistas iniciales que realiz\u00f3 al inicio del proceso y que han servido para trabajar desde la particularidad de cada alumno y alumna. Unas singularidades que no siempre ha sido f\u00e1cil que afloraran, pero que han vertebrado el espect\u00e1culo a trav\u00e9s de la composici\u00f3n sonora de sus pensamientos y reflexiones acompa\u00f1ados de su movimiento en escena.<\/p>\n<p>En este sentido, se ha repetido mucho en las valoraciones del alumnado el hecho que su participaci\u00f3n en el proyecto les ha permitido\u00a0lidiar\u00a0mejor con la timidez y reconocerse en la creaci\u00f3n final. A pesar de que han aparecido dificultades durante el proceso, dado que no estaban familiarizadas con el lenguaje y la metodolog\u00eda de trabajo, han apreciado mucho el papel facilitador de Climent y la cohesi\u00f3n del grupo de j\u00f3venes a consecuencia de unos meses de trabajo muy intensos.<\/p>\n<p>Por \u00faltimo, el profesorado se ha mostrado muy satisfecho por haber llevado el proyecto adelante a pesar de las dificultades de un curso totalmente at\u00edpico. Aun as\u00ed, el descubrimiento del trabajo del movimiento en el aula ha permitido trabajar las emociones y la parte m\u00e1s expresiva del alumnado participante. Las particularidades de la danza y el lenguaje del cuerpo ha propiciado un contacto muy directo entre las personas participantes y ha dotado al grupo de mucha m\u00e1s proximidad y confianza.<\/p>\n<p>&nbsp;<\/p>\n<p><iframe loading=\"lazy\" width=\"500\" height=\"281\" src=\"https:\/\/www.youtube.com\/embed\/aghJI5LDnWY?feature=oembed\" frameborder=\"0\" allow=\"accelerometer; autoplay; clipboard-write; encrypted-media; gyroscope; picture-in-picture\" allowfullscreen><\/iframe><\/p>\n<p>&nbsp;<\/p>\n<p>Pod\u00e9is seguir como se ha desarrollado el DIARIO DEL PROCESO\u00a0<a href=\"https:\/\/blocsenresidencia.bcn.cat\/salvadorespriu2021\/\">aqu\u00ed\u00a0<\/a><\/p>\n<p>La residencia y valoraci\u00f3n del Institut Montju\u00efc se puede seguir\u00a0<a href=\"http:\/\/granerbcn.cat\/educatius\/secundaria\/en-residencia\/\">aqu\u00ed<\/a><\/p>\n<p><em>EN RESiD\u00c8NCiA es un programa del Instituto de Cultura de Barcelona y el Consorcio de Educaci\u00f3n de Barcelona, ideado en cooperaci\u00f3n con la Asociaci\u00f3n A\u00a0Bao\u00a0A\u00a0Qu, que lleva los creadores a trabajar durante todo un curso en el aula. Este trabajo, que concluye con la presentaci\u00f3n de una pieza, en este caso vinculada a la danza y el movimiento, pone en di\u00e1logo de una manera intensa y significativa la creaci\u00f3n, educaci\u00f3n y mediaci\u00f3n.<\/em><\/p>\n","protected":false},"excerpt":{"rendered":"<p>El artista residente David Climent, el alumnado de 4.\u00ba de [&hellip;]<\/p>\n","protected":false},"author":1,"featured_media":0,"comment_status":"open","ping_status":"open","sticky":false,"template":"","format":"standard","meta":[],"categories":[16,4],"tags":[],"_links":{"self":[{"href":"https:\/\/old.mercatflors.cat\/es\/wp-json\/wp\/v2\/posts\/51099\/"}],"collection":[{"href":"https:\/\/old.mercatflors.cat\/es\/wp-json\/wp\/v2\/posts\/"}],"about":[{"href":"https:\/\/old.mercatflors.cat\/es\/wp-json\/wp\/v2\/types\/post\/"}],"author":[{"embeddable":true,"href":"https:\/\/old.mercatflors.cat\/es\/wp-json\/wp\/v2\/users\/1\/"}],"replies":[{"embeddable":true,"href":"https:\/\/old.mercatflors.cat\/es\/wp-json\/wp\/v2\/comments\/?post=51099"}],"version-history":[{"count":0,"href":"https:\/\/old.mercatflors.cat\/es\/wp-json\/wp\/v2\/posts\/51099\/revisions\/"}],"wp:attachment":[{"href":"https:\/\/old.mercatflors.cat\/es\/wp-json\/wp\/v2\/media\/?parent=51099"}],"wp:term":[{"taxonomy":"category","embeddable":true,"href":"https:\/\/old.mercatflors.cat\/es\/wp-json\/wp\/v2\/categories\/?post=51099"},{"taxonomy":"post_tag","embeddable":true,"href":"https:\/\/old.mercatflors.cat\/es\/wp-json\/wp\/v2\/tags\/?post=51099"}],"curies":[{"name":"wp","href":"https:\/\/api.w.org\/{rel}","templated":true}]}}