{"id":512,"date":"2012-02-01T10:58:10","date_gmt":"2012-02-01T10:58:10","guid":{"rendered":"https:\/\/old.mercatflors.cat\/?p=512"},"modified":"2012-07-20T10:58:48","modified_gmt":"2012-07-20T10:58:48","slug":"premio-ciutat-de-barcelona-de-danza-al-coreografo-thomas-noone","status":"publish","type":"post","link":"https:\/\/old.mercatflors.cat\/es\/actualidad\/premio-ciutat-de-barcelona-de-danza-al-coreografo-thomas-noone\/","title":{"rendered":"Premio Ciutat de Barcelona de Danza al core\u00f3grafo Thomas Noone"},"content":{"rendered":"<p>El Jurado de Danza de los Premios Ciutat de Barcelona 2011, que se han otorgado el mi\u00e9rcoles 1 de febrero, ha otorgado al core\u00f3grafo Thomas Noone el Premio de Danza. Noone ha recibido este galard\u00f3n por los espect\u00e1culos\u00a0<em>Lugares extra\u00f1amente desastrosos<\/em>\u00a0y<em>\u00a0Crush-F\u00fatil, Room,<\/em> as\u00ed como por su gesti\u00f3n entorno de la danza en el Sant Andreu Teatre.<\/p>\n<p>Los Premios han hecho una menci\u00f3 especial al espect\u00e1culo\u00a0<a href=\"http:\/\/www.mercatflors.cat\/es\/espectaculo\/cruilles-cast\/\" target=\"_blank\">Cru\u00eflles<\/a>, del core\u00f3grafo Luca Silvestrini, que pudimos ver en el Mercat del 30 de septiembre al 2 de octubre, inaugurando la temporada 2011-2012. El espect\u00e1culo se define com participativo y comunitario, por la repercusi\u00f3n y la movilizaci\u00f3n ciudadana que gener\u00f3, con la participaci\u00f3n de 150 amateurs de todas las edades y procedencias que actuaron en el mismo.<\/p>\n<p>El Mercat felicita al core\u00f3grafo Thomas Noone por el Premio de Dazsa que se le ha otorgado.<\/p>\n","protected":false},"excerpt":{"rendered":"<p>El Jurado de Danza de los Premios Ciutat de Barcelona [&hellip;]<\/p>\n","protected":false},"author":1,"featured_media":0,"comment_status":"open","ping_status":"open","sticky":false,"template":"","format":"standard","meta":[],"categories":[16],"tags":[],"_links":{"self":[{"href":"https:\/\/old.mercatflors.cat\/es\/wp-json\/wp\/v2\/posts\/512\/"}],"collection":[{"href":"https:\/\/old.mercatflors.cat\/es\/wp-json\/wp\/v2\/posts\/"}],"about":[{"href":"https:\/\/old.mercatflors.cat\/es\/wp-json\/wp\/v2\/types\/post\/"}],"author":[{"embeddable":true,"href":"https:\/\/old.mercatflors.cat\/es\/wp-json\/wp\/v2\/users\/1\/"}],"replies":[{"embeddable":true,"href":"https:\/\/old.mercatflors.cat\/es\/wp-json\/wp\/v2\/comments\/?post=512"}],"version-history":[{"count":0,"href":"https:\/\/old.mercatflors.cat\/es\/wp-json\/wp\/v2\/posts\/512\/revisions\/"}],"wp:attachment":[{"href":"https:\/\/old.mercatflors.cat\/es\/wp-json\/wp\/v2\/media\/?parent=512"}],"wp:term":[{"taxonomy":"category","embeddable":true,"href":"https:\/\/old.mercatflors.cat\/es\/wp-json\/wp\/v2\/categories\/?post=512"},{"taxonomy":"post_tag","embeddable":true,"href":"https:\/\/old.mercatflors.cat\/es\/wp-json\/wp\/v2\/tags\/?post=512"}],"curies":[{"name":"wp","href":"https:\/\/api.w.org\/{rel}","templated":true}]}}