{"id":51452,"date":"2021-07-07T09:47:20","date_gmt":"2021-07-07T08:47:20","guid":{"rendered":"https:\/\/old.mercatflors.cat\/?p=51452"},"modified":"2022-09-02T10:29:06","modified_gmt":"2022-09-02T09:29:06","slug":"convocatoria-por-el-lab-con-instituto-stocos-decoding-dance","status":"publish","type":"post","link":"https:\/\/old.mercatflors.cat\/es\/general-es\/convocatoria-por-el-lab-con-instituto-stocos-decoding-dance\/","title":{"rendered":"Convocatoria para el LAB con Instituto Stocos: Decoding Dance"},"content":{"rendered":"<p>El Mercat de les Flors organiza un taller dirigido por la bailarina y core\u00f3grafa Muriel Romero y el compositor y experto en tecnolog\u00eda musical Pablo Palacio (Instituto\u00a0Stocos), junto con el investigador Daniel\u00a0Bisig\u00a0(Marie Curie Fellow, E2-Create, H2020-MSCA-IF-2018) del 14 al 18 de septiembre del 2021; el taller est\u00e1 dirigido a artistas de la danza, bailarines y core\u00f3grafos, m\u00fasicos y compositores, artistas digitales y t\u00e9cnicos en audiovisuales, as\u00ed como ingenieros inform\u00e1ticos especializados en movimiento y computaci\u00f3n.<\/p>\n<p>La fecha tope para entregar la solicitud de plaza es el 9 de septiembre. El s\u00e1bado 18 de septiembre tendr\u00e1 lugar una muestra abierta a las 18 h. Para mayor informaci\u00f3n, consulta las <span style=\"color: #0000ff;\"><a style=\"color: #0000ff;\" href=\"https:\/\/old.mercatflors.cat\/wp-content\/uploads\/2021\/07\/Convocato\u0300ria-LAB-Stocos-cast.pdf\"><strong>BASES<\/strong><\/a><\/span>.<\/p>\n<p>Este programa C\u00c8L\u00b7LULA cuenta con la colaboraci\u00f3n de:<\/p>\n<p><img decoding=\"async\" loading=\"lazy\" class=\"alignnone size-full wp-image-43059\" src=\"https:\/\/old.mercatflors.cat\/wp-content\/uploads\/2019\/07\/sabadellfund.png\" alt=\"\" width=\"152\" height=\"55\" \/><\/p>\n<p><iframe loading=\"lazy\" width=\"500\" height=\"281\" src=\"https:\/\/www.youtube.com\/embed\/nGS6gs4lmiI?feature=oembed\" frameborder=\"0\" allow=\"accelerometer; autoplay; clipboard-write; encrypted-media; gyroscope; picture-in-picture\" allowfullscreen title=\"C\u00c8L\u00b7LULA LAB: 'Decoding Dance' - Fundaci\u00f3 Stocos\"><\/iframe><\/p>\n","protected":false},"excerpt":{"rendered":"<p>El Mercat de les Flors organiza un taller dirigido por [&hellip;]<\/p>\n","protected":false},"author":1,"featured_media":0,"comment_status":"open","ping_status":"open","sticky":false,"template":"","format":"standard","meta":[],"categories":[16,4],"tags":[],"_links":{"self":[{"href":"https:\/\/old.mercatflors.cat\/es\/wp-json\/wp\/v2\/posts\/51452\/"}],"collection":[{"href":"https:\/\/old.mercatflors.cat\/es\/wp-json\/wp\/v2\/posts\/"}],"about":[{"href":"https:\/\/old.mercatflors.cat\/es\/wp-json\/wp\/v2\/types\/post\/"}],"author":[{"embeddable":true,"href":"https:\/\/old.mercatflors.cat\/es\/wp-json\/wp\/v2\/users\/1\/"}],"replies":[{"embeddable":true,"href":"https:\/\/old.mercatflors.cat\/es\/wp-json\/wp\/v2\/comments\/?post=51452"}],"version-history":[{"count":0,"href":"https:\/\/old.mercatflors.cat\/es\/wp-json\/wp\/v2\/posts\/51452\/revisions\/"}],"wp:attachment":[{"href":"https:\/\/old.mercatflors.cat\/es\/wp-json\/wp\/v2\/media\/?parent=51452"}],"wp:term":[{"taxonomy":"category","embeddable":true,"href":"https:\/\/old.mercatflors.cat\/es\/wp-json\/wp\/v2\/categories\/?post=51452"},{"taxonomy":"post_tag","embeddable":true,"href":"https:\/\/old.mercatflors.cat\/es\/wp-json\/wp\/v2\/tags\/?post=51452"}],"curies":[{"name":"wp","href":"https:\/\/api.w.org\/{rel}","templated":true}]}}