{"id":517,"date":"2012-02-13T11:02:11","date_gmt":"2012-02-13T11:02:11","guid":{"rendered":"https:\/\/old.mercatflors.cat\/?p=517"},"modified":"2012-07-20T11:02:33","modified_gmt":"2012-07-20T11:02:33","slug":"el-mercat-coproduce-junto-a-la-compania-sasha-waltz-la-pieza-casi","status":"publish","type":"post","link":"https:\/\/old.mercatflors.cat\/es\/actualidad\/el-mercat-coproduce-junto-a-la-compania-sasha-waltz-la-pieza-casi\/","title":{"rendered":"El Mercat coproduce, junto a la compa\u00f1\u00eda Sasha Waltz, la pieza &#8216;casi&#8217;"},"content":{"rendered":"<p><strong>El Mercat coproduce, junto a la compa\u00f1\u00eda Sasha Waltz, la pieza\u00a0casi<\/strong><\/p>\n<p>La coreograf\u00eda\u00a0casi, creada por Juan Kruz de Garaio Esnaola, bailar\u00edn y estrecho colaborador art\u00edstico de la prestigiosa\u00a0compa\u00f1\u00eda alemana Sasha Waltz &amp; Guest, se podr\u00e1 ver dos d\u00edas en el Mercat interpretada por la compa\u00f1\u00eda Danza Contempor\u00e1nea de Cuba. Ser\u00e1 los d\u00edas 1 y 2 de marzo (los d\u00edas 3 y 4 la compa\u00f1\u00eda interpretar\u00e1 otro programa compuesto por otras tres coreograf\u00edas).<\/p>\n<p><a href=\"http:\/\/www.mercatflors.cat\/es\/espectaculo\/mambo-cast\/\" target=\"_blank\">El espect\u00e1culo<\/a><\/p>\n","protected":false},"excerpt":{"rendered":"<p>El Mercat coproduce, junto a la compa\u00f1\u00eda Sasha Waltz, la [&hellip;]<\/p>\n","protected":false},"author":1,"featured_media":0,"comment_status":"open","ping_status":"open","sticky":false,"template":"","format":"standard","meta":[],"categories":[16],"tags":[],"_links":{"self":[{"href":"https:\/\/old.mercatflors.cat\/es\/wp-json\/wp\/v2\/posts\/517\/"}],"collection":[{"href":"https:\/\/old.mercatflors.cat\/es\/wp-json\/wp\/v2\/posts\/"}],"about":[{"href":"https:\/\/old.mercatflors.cat\/es\/wp-json\/wp\/v2\/types\/post\/"}],"author":[{"embeddable":true,"href":"https:\/\/old.mercatflors.cat\/es\/wp-json\/wp\/v2\/users\/1\/"}],"replies":[{"embeddable":true,"href":"https:\/\/old.mercatflors.cat\/es\/wp-json\/wp\/v2\/comments\/?post=517"}],"version-history":[{"count":0,"href":"https:\/\/old.mercatflors.cat\/es\/wp-json\/wp\/v2\/posts\/517\/revisions\/"}],"wp:attachment":[{"href":"https:\/\/old.mercatflors.cat\/es\/wp-json\/wp\/v2\/media\/?parent=517"}],"wp:term":[{"taxonomy":"category","embeddable":true,"href":"https:\/\/old.mercatflors.cat\/es\/wp-json\/wp\/v2\/categories\/?post=517"},{"taxonomy":"post_tag","embeddable":true,"href":"https:\/\/old.mercatflors.cat\/es\/wp-json\/wp\/v2\/tags\/?post=517"}],"curies":[{"name":"wp","href":"https:\/\/api.w.org\/{rel}","templated":true}]}}