{"id":51909,"date":"2021-09-01T10:16:03","date_gmt":"2021-09-01T09:16:03","guid":{"rendered":"https:\/\/old.mercatflors.cat\/?p=51909"},"modified":"2021-10-18T15:38:04","modified_gmt":"2021-10-18T14:38:04","slug":"montjuic-celebrara-un-cap-de-setmana-de-cultura-natura-i-lleure","status":"publish","type":"post","link":"https:\/\/old.mercatflors.cat\/es\/actualidad\/montjuic-celebrara-un-cap-de-setmana-de-cultura-natura-i-lleure\/","title":{"rendered":"Montju\u00efc celebrar\u00e1 un fin de semana de cultura, naturaleza y ocio"},"content":{"rendered":"<h2><strong>Montju\u00efc celebrar\u00e1 en oto\u00f1o un fin de semana de cultura, naturaleza y ocio abierto a toda la ciutadan\u00eda<br \/>\n<\/strong><\/h2>\n<p><strong>VIU MONTJU\u00cfC. EL PARC DE LA CULTURA ser\u00e1 una celebraci\u00f3n en la que, durante todo un fin de semana, los equipamientos que habitan Montju\u00efc, en colaboraci\u00f3n con el Distrito de Sants-Montju\u00efc y el ICUB, ofrecer\u00e1n actividades propias y en red, mostr\u00e1ndose conjuntamente como un pulm\u00f3n cultural de gran nivel.<br \/>\n<\/strong><strong>La iniciativa forma parte del Plan de Actuaci\u00f3n del Parc Montju\u00efc 2019-2029, un plan municipal que busca visibilizar la actividad cultural del Parque y pretende crear nuevos espacios, usos compartidos y establecer sinergias entre los equipamientos con la voluntad de recuperar el esp\u00edritu de la Exposici\u00f3n Universal de 1929.<\/strong><\/p>\n<p>Los d\u00edas 16 y 17 de octubre tendr\u00e1 lugar <strong><em>Viu Montju\u00efc. El Parc de la Cultura<\/em><\/strong>, un fin de semana con actividades culturales y de ocio para toda la familia. 22 equipamientos de Montju\u00efc unir\u00e1n fuerzas para llevar a cabo actividades propias y acciones conjuntas en colaboraci\u00f3n entre ellos y ofrecer a los ciudadanos una nueva oportunidad para redescubrir y hecerse suyo el Parque.<\/p>\n<p>La iniciativa nace de la voluntad de coordinaci\u00f3n de los diferentes actores culturales de la monta\u00f1a y est\u00e1 coorganizada y financiada por los propios equipamientos, por el Distrito de Sants-Montju\u00efc, el Institut de Cultura de Barcelona y la Direcci\u00f3n de Turismo e Industrias Creativas que, a trav\u00e9s del impuesto tur\u00edstico, pretende impulsar iniciativas para mejorar el ocio y disfrutar de un espacio p\u00fablico verde y cultural de calidad dirigido especialmente a los vecinos y vecinas de Barcelona.<\/p>\n<p>Las actividades combinar\u00e1n itinerarios guiados y teatralizados con jornadas de puertas abiertas y visitas guiadas a los equipamientos, intervenciones participativas, m\u00fasica, danza y teatro. Adem\u00e1s\u00a0tambi\u00e9n habr\u00e1 zonas para comer, beber y descansar. El objetivo principal de la propuesta es posicionar el Parque de Montju\u00efc como un espacio abierto y accessible, con una oferta de cultura, de naturaleza y de ocio de calidad para el conjunto de la ciutadan\u00eda.<\/p>\n<p>El s\u00e1bado 17 de octubre, el Mercat de les Flors ofrecer\u00e1, conjuntamente con la Fundaci\u00f3 Joan Mir\u00f3, el <strong>itinerario\u00a0&#8220;dins fora dins lluny&#8221;<\/strong> de Quim Bigas (inicio en el Mercat de les Flors, a las 11 h | Inscripciones <span style=\"color: #0000ff;\"><a style=\"color: #0000ff;\" href=\"https:\/\/www.barcelona.cat\/viumontjuic\/ca\/recorregut-dins-fora-dins-lluny-de-quim-bigas\">aqu\u00ed<\/a><\/span>) i\u00a0la <strong>muestra final del taller participativo<\/strong> <strong>Babel<\/strong> (17 de octubre, a las 17 h, en la pl. Margarida Xirgu | Inscripciones <a href=\"https:\/\/www.barcelona.cat\/viumontjuic\/ca\/intervencio-participativa-babel\"><span style=\"color: #0000ff;\">aqu\u00ed<\/span>).<\/a><\/p>\n<p><strong>Instituciones promotoras<\/strong>:\u00a0Anella Ol\u00edmpica &#8211; BSM, CaixaForum, Casa de la Premsa, Castell de Montju\u00efc, Cementiris de Barcelona, El Graner, Espai Bombers, Fundaci\u00f3 Barcelona Ol\u00edmpica, Fundaci\u00f3 Joan Mir\u00f3, Fundaci\u00f3 Mies van\u00a0der\u00a0Rohe, Institut Bot\u00e0nic, Institut del Teatre, Jard\u00ed Bot\u00e0nic, Jard\u00ed Bot\u00e0nic Hist\u00f2ric, Mercat de les Flors, Museu d&#8217;Arqueologia de Catalunya, Museu Etnol\u00f2gic i de Cultures del M\u00f3n, Museu Nacional d&#8217;Art de Catalunya,\u00a0MUHBA\u00a0Refugi 307, Poble Espanyol, Teatre Lliure y Teatro de los Sentidos.<br \/>\n<strong>Con la coorganizaci\u00f3n de<\/strong>: Districte de Sants-Montju\u00efc, Institut de Cultura de Barcelona i Direcci\u00f3 de Turisme i Ind\u00fastries Creatives.<\/p>\n<p><img decoding=\"async\" loading=\"lazy\" class=\"alignnone wp-image-51910\" src=\"https:\/\/old.mercatflors.cat\/wp-content\/uploads\/2021\/09\/Imatge-Nota-de-premsa_Horitzontal-350x197.jpg\" alt=\"\" width=\"481\" height=\"271\" srcset=\"https:\/\/old.mercatflors.cat\/wp-content\/uploads\/2021\/09\/Imatge-Nota-de-premsa_Horitzontal-350x197.jpg 350w, https:\/\/old.mercatflors.cat\/wp-content\/uploads\/2021\/09\/Imatge-Nota-de-premsa_Horitzontal-768x432.jpg 768w, https:\/\/old.mercatflors.cat\/wp-content\/uploads\/2021\/09\/Imatge-Nota-de-premsa_Horitzontal-790x444.jpg 790w, https:\/\/old.mercatflors.cat\/wp-content\/uploads\/2021\/09\/Imatge-Nota-de-premsa_Horitzontal-223x127.jpg 223w\" sizes=\"(max-width: 481px) 100vw, 481px\" \/><\/p>\n","protected":false},"excerpt":{"rendered":"<p>Montju\u00efc celebrar\u00e1 en oto\u00f1o un fin de semana de cultura, [&hellip;]<\/p>\n","protected":false},"author":1,"featured_media":0,"comment_status":"open","ping_status":"open","sticky":false,"template":"","format":"standard","meta":[],"categories":[16],"tags":[],"_links":{"self":[{"href":"https:\/\/old.mercatflors.cat\/es\/wp-json\/wp\/v2\/posts\/51909\/"}],"collection":[{"href":"https:\/\/old.mercatflors.cat\/es\/wp-json\/wp\/v2\/posts\/"}],"about":[{"href":"https:\/\/old.mercatflors.cat\/es\/wp-json\/wp\/v2\/types\/post\/"}],"author":[{"embeddable":true,"href":"https:\/\/old.mercatflors.cat\/es\/wp-json\/wp\/v2\/users\/1\/"}],"replies":[{"embeddable":true,"href":"https:\/\/old.mercatflors.cat\/es\/wp-json\/wp\/v2\/comments\/?post=51909"}],"version-history":[{"count":0,"href":"https:\/\/old.mercatflors.cat\/es\/wp-json\/wp\/v2\/posts\/51909\/revisions\/"}],"wp:attachment":[{"href":"https:\/\/old.mercatflors.cat\/es\/wp-json\/wp\/v2\/media\/?parent=51909"}],"wp:term":[{"taxonomy":"category","embeddable":true,"href":"https:\/\/old.mercatflors.cat\/es\/wp-json\/wp\/v2\/categories\/?post=51909"},{"taxonomy":"post_tag","embeddable":true,"href":"https:\/\/old.mercatflors.cat\/es\/wp-json\/wp\/v2\/tags\/?post=51909"}],"curies":[{"name":"wp","href":"https:\/\/api.w.org\/{rel}","templated":true}]}}