{"id":52095,"date":"2021-09-07T11:08:49","date_gmt":"2021-09-07T10:08:49","guid":{"rendered":"https:\/\/old.mercatflors.cat\/?p=52095"},"modified":"2021-09-07T11:08:49","modified_gmt":"2021-09-07T10:08:49","slug":"convocatoria-de-participacion-del-proyecto-comunitario-babel","status":"publish","type":"post","link":"https:\/\/old.mercatflors.cat\/es\/actualidad\/convocatoria-de-participacion-del-proyecto-comunitario-babel\/","title":{"rendered":"Convocatoria de participaci\u00f3n del proyecto comunitario &#8216;Babel&#8217;"},"content":{"rendered":"<h2><strong>Convocatoria abierta de participaci\u00f3n del proyecto comunitario <em>Babel<\/em>, de Jordi Gal\u00ed<\/strong><\/h2>\n<p><strong><u>Dirigido a todas las personas interesadas en participar en un proyecto colectivo en artes esc\u00e9nicas<\/u><\/strong><\/p>\n<p>El Mercat de les Flors, en el marco de Viu Montju\u00efc \u2013 El Parc de la Cultura, presenta el proyecto participativo <em>Babel<\/em> de Jordi Gal\u00ed para participar en un taller de creaci\u00f3n colectiva del 14 al 17 de octubre de 2021 con presentaci\u00f3n p\u00fablica el \u00faltimo d\u00eda.<\/p>\n<p><em>Babel<\/em> son personas en acci\u00f3n, con sus cuerpos, vidas y deseos. Una utop\u00eda hecha realidad el tiempo de estar juntos, presentes, reunidos para fabricarla. <em>Babel<\/em> es una gran torre de 12 metros de altura, hecha de madera y cordeles, fuerte y fr\u00e1gil a la vez. 25 personas la construyen y manipulan en directo, delante de la mirada atenta de los espectadores. Con su elevaci\u00f3n, oscilaci\u00f3n y bajada, esta torre est\u00e1 conectada al grupo, haci\u00e9ndose eco de las presencies concentradas y enlazadas que trabajan juntas.<\/p>\n<p><em>Babel<\/em> invita a los participantes a vivir un proceso de creaci\u00f3n de pocos d\u00edas: fabricaci\u00f3n de los m\u00f3dulos de base que constituyen la torre, ejercicios de coordinaci\u00f3n y comunicaci\u00f3n gestual, manipulaci\u00f3n de la estructura, aprendizaje y ensayo de la performance a partir de una partitura simple y precisa.<\/p>\n<p>Durante el taller se propondr\u00e1n tambi\u00e9n ejercicios simples y l\u00fadicos para experimentar con el cuerpo los principios f\u00edsicos de compresi\u00f3n y tracci\u00f3n que organizan la torre, para de este modo desarrollar la confianza y atenci\u00f3n entre los miembros del grupo y crear un colectivo donde cada uno encuentre su propio espacio. El taller se acabar\u00e1 con la presentaci\u00f3n p\u00fablica de la performance.<\/p>\n<p><strong>\u00a0<\/strong><strong>Jordi Gal\u00ed <\/strong>estudi\u00f3 danza contempor\u00e1nea en el Institut del Teatre de Barcelona. Como bailar\u00edn ha trabajado con Emilio Guti\u00e9rrez (1997-1999), Wim Vandekeybus (1999-2001), Anne Teresa De Keersmaeker (2001-2003), Lies Pawels (2004-2005) y Maguy Marin (2005-2010), entre otros. Galardonado con el Premio al Mejor Bailar\u00edn en el Certamen Coreogr\u00e1fico de Madrid de 1998 y el Premio honor\u00edfico al Mejor Actor por Kontact International Theater Festival de Torun (Polonia) en 2005. Desde 2001, Jordi Gal\u00ed desarrolla su propio trabajo y en 2007 fund\u00f3 la compa\u00f1\u00eda Arrangement Provisoire. Desde 2014 comparte la direcci\u00f3n art\u00edstica con Vania Vaneau.<br \/>\nEntre 2011 y 2014 ha sido artista asociado a RamDam Arts Center (Sainte-Foy-l\u00e8s-Lyon). Desde 2016 hasta 2018 \u00e9l y Vania Vaneau son artistas asociados a Le Pacifique CDCN de Grenoble. El di\u00e1logo entre el gesto y la materia es el n\u00facleo de sus \u00faltimos trabajos.<\/p>\n<p><strong><a href=\"https:\/\/vimeo.com\/372612596\">Teaser\u00a0<\/a> <\/strong><\/p>\n<p><strong>\u00a0<em>Babel<\/em><\/strong> es una propuesta para todas y todos aquellos que tengan curiosidad por descubrirla. Sin requisitos de experiencia t\u00e9cnica o art\u00edstica. A partir de 15 a\u00f1os.<\/p>\n<p><strong><u>CALENDARIO DE DE LA CONVOCATORIA<\/u><\/strong><strong>:<\/strong><strong>\u00a0<\/strong><\/p>\n<ul>\n<li>Fecha l\u00edmite para entregar la solicitud de plaza: <strong>30 de septiembre de 2021<\/strong><\/li>\n<li>Confirmaci\u00f3n de participaci\u00f3n: <strong>4 de octubre de 2021 <\/strong><\/li>\n<li>Taller: <strong>del 14 al 16 de octubre en el Mercat de les Flors de 17 a 21 h y domingo 17 de octubre de 9 a 17 h. <\/strong><\/li>\n<li>Muestra abierta: <strong>el domingo 17 se har\u00e1 una muestra abierta a las 17 h. <\/strong><\/li>\n<li>Hay 25 plazas disponibles.<\/li>\n<\/ul>\n<p><strong>\u00a0<\/strong><strong><u>REQUISITOS DE LAS PERSONAS INTERESADAS:<\/u><\/strong><\/p>\n<ul>\n<li><strong>Disponibilidad y compromiso para todos los d\u00edas y horarios del taller y presentaci\u00f3n p\u00fablica.<\/strong><\/li>\n<\/ul>\n<p><strong>INFORMACI\u00d3N E INSCRIPCI\u00d3N A LA CONVOCATORIA:<\/strong><\/p>\n<p>Para m\u00e1s informaci\u00f3n (*) e inscripci\u00f3n a la convocatoria env\u00eda un correo electr\u00f3nico a: <a href=\"mailto:participa@mercatflors.cat\">participa@mercatflors.cat<\/a> \u2013 Ref. \u201c<strong>BABEL de JORDI GAL\u00cd<\/strong><strong>\u201d<\/strong><\/p>\n<p>con la siguiente informaci\u00f3n:<\/p>\n<ul>\n<li>Ficha de inscripci\u00f3n<\/li>\n<li>Escrito de motivaci\u00f3n para participar en el taller (entre 5 l\u00ednias)<\/li>\n<\/ul>\n<p><strong><a href=\"https:\/\/old.mercatflors.cat\/wp-content\/uploads\/2021\/09\/Taller-BABEL-de-Jordi-Gal\u00ed.pdf\">\u00a0Ficha inscripci\u00f3n DESCARGA<\/a><\/strong><\/p>\n","protected":false},"excerpt":{"rendered":"<p>Convocatoria abierta de participaci\u00f3n del proyecto comunitario Babel, de Jordi [&hellip;]<\/p>\n","protected":false},"author":1,"featured_media":0,"comment_status":"open","ping_status":"open","sticky":false,"template":"","format":"standard","meta":[],"categories":[16],"tags":[],"_links":{"self":[{"href":"https:\/\/old.mercatflors.cat\/es\/wp-json\/wp\/v2\/posts\/52095\/"}],"collection":[{"href":"https:\/\/old.mercatflors.cat\/es\/wp-json\/wp\/v2\/posts\/"}],"about":[{"href":"https:\/\/old.mercatflors.cat\/es\/wp-json\/wp\/v2\/types\/post\/"}],"author":[{"embeddable":true,"href":"https:\/\/old.mercatflors.cat\/es\/wp-json\/wp\/v2\/users\/1\/"}],"replies":[{"embeddable":true,"href":"https:\/\/old.mercatflors.cat\/es\/wp-json\/wp\/v2\/comments\/?post=52095"}],"version-history":[{"count":0,"href":"https:\/\/old.mercatflors.cat\/es\/wp-json\/wp\/v2\/posts\/52095\/revisions\/"}],"wp:attachment":[{"href":"https:\/\/old.mercatflors.cat\/es\/wp-json\/wp\/v2\/media\/?parent=52095"}],"wp:term":[{"taxonomy":"category","embeddable":true,"href":"https:\/\/old.mercatflors.cat\/es\/wp-json\/wp\/v2\/categories\/?post=52095"},{"taxonomy":"post_tag","embeddable":true,"href":"https:\/\/old.mercatflors.cat\/es\/wp-json\/wp\/v2\/tags\/?post=52095"}],"curies":[{"name":"wp","href":"https:\/\/api.w.org\/{rel}","templated":true}]}}