{"id":527,"date":"2012-02-15T11:04:33","date_gmt":"2012-02-15T11:04:33","guid":{"rendered":"https:\/\/old.mercatflors.cat\/?p=527"},"modified":"2012-07-20T11:04:46","modified_gmt":"2012-07-20T11:04:46","slug":"los-departamentos-de-cultura-y-benestar-social-y-familia-apoyan-el-apropa-cultura","status":"publish","type":"post","link":"https:\/\/old.mercatflors.cat\/es\/actualidad\/los-departamentos-de-cultura-y-benestar-social-y-familia-apoyan-el-apropa-cultura\/","title":{"rendered":"Los Departamentos de Cultura y Benestar Social y Familia apoyan el Apropa Cultura"},"content":{"rendered":"<p>Benestar Social y Familia aporta 59.000 euros a este programa socioeducativo impulsado por L\u2019Auditori que facilita el acceso a la cultura a personas en riesgo de exclusi\u00f3n. El Departament de Cultura ofrece a un precio muy reducido las localidades de la programaci\u00f3n habitual de los equipamientos adheridos al programa.<\/p>\n<p>En las \u00faltimas cinco temporadas, m\u00e1s de 34.000 personas se han beneficiado de esta iniciativa que impulsa L\u2019Auditori. Este 2011, entre todos los equipamientos participantes se ha conseguido que 8.843 personas del sector social hayan visitado en 800 grupos nuestros teatros y\/o auditorios.<\/p>\n<p>El proyecto cuenta con 16 equipaments culturales de Catalunya (L\u2019Auditori, TNC, Mercat de les Flors, Teatre Lliure, Atrium Viladecans, Teatre Municipal de Girona, Auditori de Girona, Sala La Planeta, Centre Cultural la Merc\u00e8 Teatre de Salt, Temporada Alta, Teatre Auditori Sant Cugat, L\u2019Atl\u00e0ntida de Vic, Teatre Cal Bolet de Vilafranca del Pened\u00e8s, Auditori Municipal de Vilfranca del Pened\u00e8s y Centre Cultural Unnim de Terrassa).<\/p>\n","protected":false},"excerpt":{"rendered":"<p>Benestar Social y Familia aporta 59.000 euros a este programa [&hellip;]<\/p>\n","protected":false},"author":1,"featured_media":0,"comment_status":"open","ping_status":"open","sticky":false,"template":"","format":"standard","meta":[],"categories":[16],"tags":[],"_links":{"self":[{"href":"https:\/\/old.mercatflors.cat\/es\/wp-json\/wp\/v2\/posts\/527\/"}],"collection":[{"href":"https:\/\/old.mercatflors.cat\/es\/wp-json\/wp\/v2\/posts\/"}],"about":[{"href":"https:\/\/old.mercatflors.cat\/es\/wp-json\/wp\/v2\/types\/post\/"}],"author":[{"embeddable":true,"href":"https:\/\/old.mercatflors.cat\/es\/wp-json\/wp\/v2\/users\/1\/"}],"replies":[{"embeddable":true,"href":"https:\/\/old.mercatflors.cat\/es\/wp-json\/wp\/v2\/comments\/?post=527"}],"version-history":[{"count":0,"href":"https:\/\/old.mercatflors.cat\/es\/wp-json\/wp\/v2\/posts\/527\/revisions\/"}],"wp:attachment":[{"href":"https:\/\/old.mercatflors.cat\/es\/wp-json\/wp\/v2\/media\/?parent=527"}],"wp:term":[{"taxonomy":"category","embeddable":true,"href":"https:\/\/old.mercatflors.cat\/es\/wp-json\/wp\/v2\/categories\/?post=527"},{"taxonomy":"post_tag","embeddable":true,"href":"https:\/\/old.mercatflors.cat\/es\/wp-json\/wp\/v2\/tags\/?post=527"}],"curies":[{"name":"wp","href":"https:\/\/api.w.org\/{rel}","templated":true}]}}