{"id":52945,"date":"2021-10-19T14:57:42","date_gmt":"2021-10-19T13:57:42","guid":{"rendered":"https:\/\/old.mercatflors.cat\/?p=52945"},"modified":"2022-01-22T18:00:11","modified_gmt":"2022-01-22T17:00:11","slug":"lab-amb-deborah-hay-en-el-mercat-de-les-flors","status":"publish","type":"post","link":"https:\/\/old.mercatflors.cat\/es\/actualidad\/lab-amb-deborah-hay-en-el-mercat-de-les-flors\/","title":{"rendered":"LAB CON DEBORAH HAY EN EL MERCAT DE LES FLORS"},"content":{"rendered":"<p><strong>CONVOCATORIA ABIERTA PARA CORE\u00d3GRAFOS, CREADORES E INT\u00c9RPRETES PROFESIONALES<\/strong><\/p>\n<p>El Mercat de les Flors organiza un taller dirigido por Deborah Hay <strong><u>del 29 de noviembre al 1 de diciembre de 2021<\/u><\/strong> para core\u00f3grafos, creadores e int\u00e9rpretes profesionales interesados en el trabajo y trayectoria de DEBORAH HAY, en el marco de la Constelaci\u00f3n del Mercat de les Flors dedicada a su obra. Esta es la descripci\u00f3n e intencionalidad del taller en palabras de DEBORAH HAY:<\/p>\n<p><strong>Aprendizaje no discriminatorio<em><br \/>\n<\/em><\/strong><em>Hace poco m\u00e1s de 60 a\u00f1os supe que no pod\u00eda continuar aceptando los valores de una forma de arte que hab\u00eda modelado la trayectoria de mi vida y grabado sus fundamentos jer\u00e1rquicos en las propias neuronas de mi cuerpo. Aunque ya bailaba profesionalmente, sab\u00eda que no me estaba nutriendo de mis experiencias de movimiento y actuaci\u00f3n hasta este momento. Nuestra investigaci\u00f3n basada en el cuerpo se centrar\u00e1 en la continuidad de su atenci\u00f3n a la discontinuidad inherente a los experimentos basados en el cuerpo que supervisaremos juntos.<\/em><\/p>\n<p>Este LAB se inscribe dentro del marco del proyecto <strong><u>C\u00c8L\u00b7LULA_LAB<\/u><\/strong> \u00a0para la formaci\u00f3n continuada y la circulaci\u00f3n del conocimiento en el \u00e1mbito de la danza, para el crecimiento y desarrollo de los profesionales a trav\u00e9s de pr\u00e1cticas compartidas. Con el apoyo de la Fundaci\u00f3n Banc Sabadell.<\/p>\n<p><strong>DEBORAH HAY<br \/>\n<\/strong>La core\u00f3grafa e int\u00e9rprete Deborah Hay empez\u00f3 su carrera a principios de los a\u00f1os 60 con el Judson Dance Theatre. En sus cinco d\u00e9cadas en la vanguardia de la experimentaci\u00f3n coreogr\u00e1fica, ha contribuido a redefinir el campo de la danza con su revolucionario trabajo e influyentes publicaciones, en particular <em>Lamb at the Altar<\/em>, Duke University Press, adem\u00e1s de <em>My Body, the Buddhist<\/em>, and <em>Using the Sky<\/em>, Wesleyan University Press. Otros reconocimientos incluyen un Doctorado Honorario de la Academia del Teatro de Helsinki (2009), y el 5 de mayo de 2015 el Ministro de Cultura y Comunicaci\u00f3n de Francia otorg\u00f3 a Hay el t\u00edtulo de CHEVALIER DE L&#8217;ORDRE DES ARTS ET DES LETTRES. Tanz Im August 2019 present\u00f3 una RE-Perspectiva que abarca la obra de Hay desde 1968 hasta la actualidad, incluyendo dos estrenos.<\/p>\n<p><strong><u>CALENDARIO DE DE LA CONVOCATORIA<\/u><\/strong><strong>:<\/strong><\/p>\n<ul>\n<li>Fecha l\u00edmite para entregar la solicitud de plaza: 19 de noviembre 2021<\/li>\n<li>Respuesta de aceptaci\u00f3n a las solicitudes: 23 de noviembre 2021<\/li>\n<li>Taller del 29 de noviembre al 1 de diciembre 2021 en el Mercat de les Flors de 10 a 14 h.<\/li>\n<li>El LAB tiene un precio de <strong>60 \u20ac<\/strong> que habr\u00e1\u00a0que abonar entre el 23 y el 26 de noviembre, una vez se haya confirmado la plaza<\/li>\n<li>Hay 20 plazas disponibles<\/li>\n<\/ul>\n<p><strong><u>REQUISITOS DE LES PERSONAS INTERESADAS:<\/u><\/strong><\/p>\n<ul>\n<li>Disponibilidad y compromiso par todos los d\u00edas y horarios del taller.<\/li>\n<\/ul>\n<p><strong>INFORMACI\u00d3N E INSCRIPCI\u00d3N A LA CONVOCATORIA:<\/strong><\/p>\n<p>Para m\u00e1s informaci\u00f3n (*) e inscripci\u00f3n a la convocatoria habr\u00e1 que enviar un correo electr\u00f3nico a: <a href=\"mailto:participa@mercatflors.cat\">participa@mercatflors.cat<\/a> \u2013 Ref. \u201c<strong>LAB \u00a0DEBORAH HAY<\/strong><strong>\u201d <\/strong>con la siguiente informaci\u00f3n:<\/p>\n<ul>\n<li><a href=\"https:\/\/old.mercatflors.cat\/wp-content\/uploads\/2021\/10\/Fitxa-inscripci%C3%B3-LAB-DEBORAH-HAY.pdf\">Ficha de inscripci\u00f3n<\/a><\/li>\n<li>Escrito de motivaci\u00f3n para participar en el taller (entre 5 l\u00edneas)<\/li>\n<li>CV sintetizado ( 1000 caracteres)<\/li>\n<li>Links a webs o trabajos realizados<\/li>\n<\/ul>\n<p><a href=\"https:\/\/old.mercatflors.cat\/wp-content\/uploads\/2021\/10\/Fitxa-inscripci\u00f3-LAB-DEBORAH-HAY.pdf\"><strong>FICHA INSCRIPCI\u00d3N<\/strong><\/a><\/p>\n<p><strong>Esta actividad cuenta con el apoyo de la FUNDACI\u00d3N BANC SABADELL &#8211; Programa C\u00c8L\u00b7LULA.<\/strong><\/p>\n<p><img decoding=\"async\" loading=\"lazy\" class=\"alignnone size-full wp-image-43061\" src=\"https:\/\/old.mercatflors.cat\/wp-content\/uploads\/2019\/07\/sabadellfund.png\" alt=\"\" width=\"152\" height=\"55\" \/><\/p>\n","protected":false},"excerpt":{"rendered":"<p>CONVOCATORIA ABIERTA PARA CORE\u00d3GRAFOS, CREADORES E INT\u00c9RPRETES PROFESIONALES El Mercat [&hellip;]<\/p>\n","protected":false},"author":1,"featured_media":0,"comment_status":"open","ping_status":"open","sticky":false,"template":"","format":"standard","meta":[],"categories":[16],"tags":[],"_links":{"self":[{"href":"https:\/\/old.mercatflors.cat\/es\/wp-json\/wp\/v2\/posts\/52945\/"}],"collection":[{"href":"https:\/\/old.mercatflors.cat\/es\/wp-json\/wp\/v2\/posts\/"}],"about":[{"href":"https:\/\/old.mercatflors.cat\/es\/wp-json\/wp\/v2\/types\/post\/"}],"author":[{"embeddable":true,"href":"https:\/\/old.mercatflors.cat\/es\/wp-json\/wp\/v2\/users\/1\/"}],"replies":[{"embeddable":true,"href":"https:\/\/old.mercatflors.cat\/es\/wp-json\/wp\/v2\/comments\/?post=52945"}],"version-history":[{"count":0,"href":"https:\/\/old.mercatflors.cat\/es\/wp-json\/wp\/v2\/posts\/52945\/revisions\/"}],"wp:attachment":[{"href":"https:\/\/old.mercatflors.cat\/es\/wp-json\/wp\/v2\/media\/?parent=52945"}],"wp:term":[{"taxonomy":"category","embeddable":true,"href":"https:\/\/old.mercatflors.cat\/es\/wp-json\/wp\/v2\/categories\/?post=52945"},{"taxonomy":"post_tag","embeddable":true,"href":"https:\/\/old.mercatflors.cat\/es\/wp-json\/wp\/v2\/tags\/?post=52945"}],"curies":[{"name":"wp","href":"https:\/\/api.w.org\/{rel}","templated":true}]}}