{"id":53089,"date":"2021-10-29T09:43:47","date_gmt":"2021-10-29T08:43:47","guid":{"rendered":"https:\/\/old.mercatflors.cat\/?p=53089"},"modified":"2022-02-21T10:14:15","modified_gmt":"2022-02-21T09:14:15","slug":"sergi-faustino-gana-la-direccion-artistica-del-tot-dansa-2022","status":"publish","type":"post","link":"https:\/\/old.mercatflors.cat\/es\/actualidad\/sergi-faustino-gana-la-direccion-artistica-del-tot-dansa-2022\/","title":{"rendered":"Sergi F\u00e4ustino gana la direcci\u00f3n art\u00edstica del TOT DANSA 2022"},"content":{"rendered":"<p>El jurado del concurso p\u00fablico ha valorado proyecto de Sergi F\u00e4ustino \u201cpor la coherencia y el equilibrio en t\u00e9rminos art\u00edsticos y pedag\u00f3gicos de la propuesta presentada, con el lenguaje del cuerpo y la danza como su eje principal; y por el inter\u00e9s sobre c\u00f3mo se exponen las estrategias y metodolog\u00edas de aproximaci\u00f3n a los j\u00f3venes alumnos, que abren nuevas perspectivas de inter\u00e9s en el proyecto. El creador merita igualmente por su experiencia de trabajo con j\u00f3venes adolescentes y por su notable y personal\u00edsima trayectoria como core\u00f3grafo y director art\u00edstico.\u201d<\/p>\n<p>Formado en danza y direcci\u00f3n teatral en \u00c1msterdam, donde trabaj\u00f3 con core\u00f3grafos como Martin Sonderkamp, Helena Lizari o Masako Noguchi, cuando regresa a Barcelona Sergi F\u00e4ustino trabaja como bailar\u00edn en diferentes producciones de La Fura dels Baus y de Sol Pic\u00f3. Tambi\u00e9n trabaj\u00f3 con Carlos Santos, Carmelo Salazar y Andr\u00e9s Corchero-Rosa Mu\u00f1oz. Ha creado y dirigido diversos espect\u00e1culos, el \u00faltimo 30 a\u00f1os de \u00e9xito, incluido en la programaci\u00f3n del ciclo Hacer Historia(s) en el Mercat de les Flors de esta temporada 2021-22. Desde 2021 est\u00e1 desarrollando un trabajo sobre la fisicalidad y la historia personal a partir del cuerpo llamado F\u00e4ustino.<\/p>\n<p>Como docente, desde 2012 da talleres de audiovisuales en escuelas e institutos. El curso 2018-19 particip\u00f3 en el programa En Residencia y actualmente da un taller infantil en La Caldera.<\/p>\n<p>Organizado conjuntamente por el ICUB, el Institut del Teatre y el Mercat de les Flors, TOT DANSA se dirige al alumnado de los centros de educaci\u00f3n secundaria y de bachillerato p\u00fablicos de la ciudad de Barcelona. Tiene como objetivo principal fomentar y dar a conocer la danza contempor\u00e1nea a los j\u00f3venes estudiantes. El proyecto acerca esta especialidad art\u00edstica a los institutos para promover espacios \u00fanicos de expresi\u00f3n a partir de experiencias y propuestas art\u00edsticas diversas, y para que sea un proceso de aprendizaje y conexi\u00f3n y una herramienta formativa y educativa tanto para el alumnado como para el profesorado implicado. Durante todo el a\u00f1o, el core\u00f3grafo seleccionado se hace cargo de la formaci\u00f3n del profesorado, del proceso de creaci\u00f3n y de la direcci\u00f3n de las muestras del resultado final en el escenario del Mercat de les Flors en mayo de 2022. La actual edici\u00f3n del proyecto cuenta con la participaci\u00f3n de 250 alumnos y 25 docentes de 12 institutos p\u00fablicos de Barcelona.<\/p>\n","protected":false},"excerpt":{"rendered":"<p>El jurado del concurso p\u00fablico ha valorado proyecto de Sergi [&hellip;]<\/p>\n","protected":false},"author":1,"featured_media":0,"comment_status":"open","ping_status":"open","sticky":false,"template":"","format":"standard","meta":[],"categories":[16],"tags":[],"_links":{"self":[{"href":"https:\/\/old.mercatflors.cat\/es\/wp-json\/wp\/v2\/posts\/53089\/"}],"collection":[{"href":"https:\/\/old.mercatflors.cat\/es\/wp-json\/wp\/v2\/posts\/"}],"about":[{"href":"https:\/\/old.mercatflors.cat\/es\/wp-json\/wp\/v2\/types\/post\/"}],"author":[{"embeddable":true,"href":"https:\/\/old.mercatflors.cat\/es\/wp-json\/wp\/v2\/users\/1\/"}],"replies":[{"embeddable":true,"href":"https:\/\/old.mercatflors.cat\/es\/wp-json\/wp\/v2\/comments\/?post=53089"}],"version-history":[{"count":0,"href":"https:\/\/old.mercatflors.cat\/es\/wp-json\/wp\/v2\/posts\/53089\/revisions\/"}],"wp:attachment":[{"href":"https:\/\/old.mercatflors.cat\/es\/wp-json\/wp\/v2\/media\/?parent=53089"}],"wp:term":[{"taxonomy":"category","embeddable":true,"href":"https:\/\/old.mercatflors.cat\/es\/wp-json\/wp\/v2\/categories\/?post=53089"},{"taxonomy":"post_tag","embeddable":true,"href":"https:\/\/old.mercatflors.cat\/es\/wp-json\/wp\/v2\/tags\/?post=53089"}],"curies":[{"name":"wp","href":"https:\/\/api.w.org\/{rel}","templated":true}]}}