{"id":531,"date":"2012-02-20T11:05:20","date_gmt":"2012-02-20T11:05:20","guid":{"rendered":"https:\/\/old.mercatflors.cat\/?p=531"},"modified":"2012-07-20T11:05:31","modified_gmt":"2012-07-20T11:05:31","slug":"resolucion-de-residencies-del-graner","status":"publish","type":"post","link":"https:\/\/old.mercatflors.cat\/es\/actualidad\/resolucion-de-residencies-del-graner\/","title":{"rendered":"Resoluci\u00f3n de residencies del Graner"},"content":{"rendered":"<p>La resoluci\u00f3n de la segunda convocatoria de residencias de la f\u00e1brica de creaci\u00f3n Graner se ha cerrado con un total de 22 propuestas recibidas, que configuran un mapa heterog\u00e9neo de estilos con compa\u00f1\u00edas de solvencia contrastada y tambi\u00e9n creadores emergentes. Despu\u00e9s de un estudio detallado valorando el inter\u00e9s art\u00edstico y las necesidades t\u00e9cnicas de cada propuesta, el Graner ha ampliado el n\u00famero de propuestas aceptadas de 4 a 7 por la calidad art\u00edstica de los proyectos.<\/p>\n<p>Siete compa\u00f1\u00edas y creadores ser\u00e1n residentes en el Graner despu\u00e9s de haberse resuelto el 13 de febrero la segunda convocatoria de residencizs por parte de una comisi\u00f3n de expertos representando al Mercat de les Flors, las asociaciones de compa\u00f1\u00edas (ACPDC) y de profesionales (APDC) del sector de la danza de Catalunya. As\u00ed, los pr\u00f3ximos meses trabajar\u00e1n en el espacio Ariadna Estadella, Cie Emmanuel Grivet, Colectivo Sr. Serrano, Emiliano Sanchez i Eugenio Szwarcer, La Intrusa Danza, Sebasti\u00e1n Garc\u00eda Ferro y Tomas Danielis y Umma Umma Dance y Manuel Rodriguez.<\/p>\n<p>El Graner se incluye dentro del programa de F\u00e1bricas de Creaci\u00f3n del Ayuntamiento de Barcelona que tiene como objetivo apoyar la creaci\u00f3n art\u00edstica en nuestra ciudad. El Institut de Cultura ha encargado al Mercat de les Flors la gesti\u00f3n del equipamiento, que realiza con una comisi\u00f3n de seguimiento en la que tambi\u00e9n participan las Asociaciones de Profesionales y de Compa\u00f1\u00edas de Danza de Catalunya.<\/p>\n","protected":false},"excerpt":{"rendered":"<p>La resoluci\u00f3n de la segunda convocatoria de residencias de la [&hellip;]<\/p>\n","protected":false},"author":1,"featured_media":0,"comment_status":"open","ping_status":"open","sticky":false,"template":"","format":"standard","meta":[],"categories":[16],"tags":[],"_links":{"self":[{"href":"https:\/\/old.mercatflors.cat\/es\/wp-json\/wp\/v2\/posts\/531\/"}],"collection":[{"href":"https:\/\/old.mercatflors.cat\/es\/wp-json\/wp\/v2\/posts\/"}],"about":[{"href":"https:\/\/old.mercatflors.cat\/es\/wp-json\/wp\/v2\/types\/post\/"}],"author":[{"embeddable":true,"href":"https:\/\/old.mercatflors.cat\/es\/wp-json\/wp\/v2\/users\/1\/"}],"replies":[{"embeddable":true,"href":"https:\/\/old.mercatflors.cat\/es\/wp-json\/wp\/v2\/comments\/?post=531"}],"version-history":[{"count":0,"href":"https:\/\/old.mercatflors.cat\/es\/wp-json\/wp\/v2\/posts\/531\/revisions\/"}],"wp:attachment":[{"href":"https:\/\/old.mercatflors.cat\/es\/wp-json\/wp\/v2\/media\/?parent=531"}],"wp:term":[{"taxonomy":"category","embeddable":true,"href":"https:\/\/old.mercatflors.cat\/es\/wp-json\/wp\/v2\/categories\/?post=531"},{"taxonomy":"post_tag","embeddable":true,"href":"https:\/\/old.mercatflors.cat\/es\/wp-json\/wp\/v2\/tags\/?post=531"}],"curies":[{"name":"wp","href":"https:\/\/api.w.org\/{rel}","templated":true}]}}