{"id":53338,"date":"2021-11-16T12:56:47","date_gmt":"2021-11-16T11:56:47","guid":{"rendered":"https:\/\/old.mercatflors.cat\/?p=53338"},"modified":"2021-12-23T11:46:04","modified_gmt":"2021-12-23T10:46:04","slug":"entregados-los-premios-butaca-de-danza","status":"publish","type":"post","link":"https:\/\/old.mercatflors.cat\/es\/general-es\/entregados-los-premios-butaca-de-danza\/","title":{"rendered":"Entregados los Premios BUTACA  de danza"},"content":{"rendered":"<p>Los Premios Butaca, que se entregaron el lunes 15 de noviembre, se han otorgado a La Veronal por su espect\u00e1culo <a href=\"https:\/\/old.mercatflors.cat\/es\/espectacle\/sonoma\/\"><em>Sonoma<\/em><\/a>, una coproducci\u00f3n del Mercat que vimos en este espacio en abril de 2021. Tambi\u00e9n se ha premiado a Lali Ayguad\u00e9, por su coreograf\u00eda <a href=\"https:\/\/www.laliayguade.com\/es\/corto-gizaki\/\"><em>Hidden<\/em> <\/a>y tambi\u00e9n como bailarina-int\u00e9tprete del cortometraje <a href=\"https:\/\/www.laliayguade.com\/es\/corto-gizaki\/\"><em>Gizaki<\/em><\/a>, y a Luis Mart\u00ednez Gea con el Butaca como bailar\u00edn de <a href=\"https:\/\/old.mercatflors.cat\/es\/espectacle\/animal-de-sequia\/\"><em>Animal de s\u00e9quia <\/em><\/a>de Sol Pic\u00f3, que vimos en el Mercat en marzo de 2021.<\/p>\n<p>\u00a1Felicidades a todos los galardonados!<\/p>\n","protected":false},"excerpt":{"rendered":"<p>Los Premios Butaca, que se entregaron el lunes 15 de [&hellip;]<\/p>\n","protected":false},"author":1,"featured_media":0,"comment_status":"open","ping_status":"open","sticky":false,"template":"","format":"standard","meta":[],"categories":[16,4],"tags":[],"_links":{"self":[{"href":"https:\/\/old.mercatflors.cat\/es\/wp-json\/wp\/v2\/posts\/53338\/"}],"collection":[{"href":"https:\/\/old.mercatflors.cat\/es\/wp-json\/wp\/v2\/posts\/"}],"about":[{"href":"https:\/\/old.mercatflors.cat\/es\/wp-json\/wp\/v2\/types\/post\/"}],"author":[{"embeddable":true,"href":"https:\/\/old.mercatflors.cat\/es\/wp-json\/wp\/v2\/users\/1\/"}],"replies":[{"embeddable":true,"href":"https:\/\/old.mercatflors.cat\/es\/wp-json\/wp\/v2\/comments\/?post=53338"}],"version-history":[{"count":0,"href":"https:\/\/old.mercatflors.cat\/es\/wp-json\/wp\/v2\/posts\/53338\/revisions\/"}],"wp:attachment":[{"href":"https:\/\/old.mercatflors.cat\/es\/wp-json\/wp\/v2\/media\/?parent=53338"}],"wp:term":[{"taxonomy":"category","embeddable":true,"href":"https:\/\/old.mercatflors.cat\/es\/wp-json\/wp\/v2\/categories\/?post=53338"},{"taxonomy":"post_tag","embeddable":true,"href":"https:\/\/old.mercatflors.cat\/es\/wp-json\/wp\/v2\/tags\/?post=53338"}],"curies":[{"name":"wp","href":"https:\/\/api.w.org\/{rel}","templated":true}]}}