{"id":53362,"date":"2021-11-18T17:34:51","date_gmt":"2021-11-18T16:34:51","guid":{"rendered":"https:\/\/old.mercatflors.cat\/?p=53362"},"modified":"2022-12-22T16:37:57","modified_gmt":"2022-12-22T15:37:57","slug":"nuevo-volumen-de-la-coleccion-paragrafias-sobre-marina-mascarell","status":"publish","type":"post","link":"https:\/\/old.mercatflors.cat\/es\/general-es\/nuevo-volumen-de-la-coleccion-paragrafias-sobre-marina-mascarell\/","title":{"rendered":"Nuevo volumen de la colecci\u00f3n PARAGRAF\u00cdAS sobre Marina Mascarell"},"content":{"rendered":"<p>A partir del dia 25 de noviembre, ya se podr\u00e1 encontrar en las librer\u00edas el nuevo volumen de la colecci\u00f3n sobre danza <strong>Paragraf\u00edas<\/strong>:<em> Corporizar el pensamiento<\/em> es el t\u00edtulo de este tercer libro, dedicado a la core\u00f3grafa espa\u00f1ola-holandesa Marina Mascarell.<\/p>\n<p>La colecci\u00f3n, nacida en el a\u00f1o 2020, est\u00e1 editada por el Mercat de les Flors, el Institut del Teatre y la editorial Comanegra, y antes de este tercer volumen se han editado dos m\u00e1s, sobre los universos creativos de Cesc Gelabert y de Pere Faura. La colecci\u00f3n tiene como objetivo valorar, hacer visible y transmitir el pensamiento y la experiencia de los artistas sobre la danza.<\/p>\n<p>El libro se present\u00f3 el 24 de noviembre en el Mercat.<\/p>\n<p>El libro puede adquirirse <a href=\"https:\/\/comanegra.com\/ca\/56-paragrafies\"><span style=\"color: #0000ff;\">AQU\u00cd<\/span><\/a><\/p>\n<p><img decoding=\"async\" loading=\"lazy\" class=\"alignnone wp-image-53355\" src=\"https:\/\/old.mercatflors.cat\/wp-content\/uploads\/2021\/11\/coberta_Marina-Mascarell_BAIXA-350x526.jpg\" alt=\"\" width=\"180\" height=\"270\" srcset=\"https:\/\/old.mercatflors.cat\/wp-content\/uploads\/2021\/11\/coberta_Marina-Mascarell_BAIXA-350x526.jpg 350w, https:\/\/old.mercatflors.cat\/wp-content\/uploads\/2021\/11\/coberta_Marina-Mascarell_BAIXA-768x1154.jpg 768w, https:\/\/old.mercatflors.cat\/wp-content\/uploads\/2021\/11\/coberta_Marina-Mascarell_BAIXA-326x490.jpg 326w, https:\/\/old.mercatflors.cat\/wp-content\/uploads\/2021\/11\/coberta_Marina-Mascarell_BAIXA.jpg 826w\" sizes=\"(max-width: 180px) 100vw, 180px\" \/>s<\/p>\n","protected":false},"excerpt":{"rendered":"<p>A partir del dia 25 de noviembre, ya se podr\u00e1 [&hellip;]<\/p>\n","protected":false},"author":1,"featured_media":0,"comment_status":"open","ping_status":"open","sticky":false,"template":"","format":"standard","meta":[],"categories":[16,4],"tags":[],"_links":{"self":[{"href":"https:\/\/old.mercatflors.cat\/es\/wp-json\/wp\/v2\/posts\/53362\/"}],"collection":[{"href":"https:\/\/old.mercatflors.cat\/es\/wp-json\/wp\/v2\/posts\/"}],"about":[{"href":"https:\/\/old.mercatflors.cat\/es\/wp-json\/wp\/v2\/types\/post\/"}],"author":[{"embeddable":true,"href":"https:\/\/old.mercatflors.cat\/es\/wp-json\/wp\/v2\/users\/1\/"}],"replies":[{"embeddable":true,"href":"https:\/\/old.mercatflors.cat\/es\/wp-json\/wp\/v2\/comments\/?post=53362"}],"version-history":[{"count":0,"href":"https:\/\/old.mercatflors.cat\/es\/wp-json\/wp\/v2\/posts\/53362\/revisions\/"}],"wp:attachment":[{"href":"https:\/\/old.mercatflors.cat\/es\/wp-json\/wp\/v2\/media\/?parent=53362"}],"wp:term":[{"taxonomy":"category","embeddable":true,"href":"https:\/\/old.mercatflors.cat\/es\/wp-json\/wp\/v2\/categories\/?post=53362"},{"taxonomy":"post_tag","embeddable":true,"href":"https:\/\/old.mercatflors.cat\/es\/wp-json\/wp\/v2\/tags\/?post=53362"}],"curies":[{"name":"wp","href":"https:\/\/api.w.org\/{rel}","templated":true}]}}