{"id":535,"date":"2012-02-22T11:06:06","date_gmt":"2012-02-22T11:06:06","guid":{"rendered":"https:\/\/old.mercatflors.cat\/?p=535"},"modified":"2013-03-25T16:20:57","modified_gmt":"2013-03-25T16:20:57","slug":"el-festival-escena-poblenou-y-el-graner-convocan-1-residencia-de-creacion-conjunta","status":"publish","type":"post","link":"https:\/\/old.mercatflors.cat\/es\/actualidad\/el-festival-escena-poblenou-y-el-graner-convocan-1-residencia-de-creacion-conjunta\/","title":{"rendered":"El Festival Escena Poblenou y El Graner convocan 1 residencia de creaci\u00f3n conjunta"},"content":{"rendered":"<p>Esta convocatoria conjunta se dirige a creaciones de danza contempor\u00e1nea \/ nuevos lenguajes del movimiento para sala o espacio no convencional. Las propuestas deber\u00e1n ser creaciones propias en las que se valorar\u00e1 positivamente el grado de investigaci\u00f3n del proyecto.<\/p>\n<p>La residencia ser\u00e1 dotada con un apoyo econ\u00f3mico de 1.500 euros (impuestos incluidos) por parte del Festival Escena Poblenou. Esta dotaci\u00f3n econ\u00f3mica cubre la exhibici\u00f3n del resultado en el marco del Festival.<\/p>\n<p>La residencia se desarrollar\u00e1 a lo largo de tres semanas en el espacio El Graner, tres semanes en Can Felipa y una semana de residencia t\u00e9cnica en el Graner.<\/p>\n<p><a href=\"http:\/\/www.mercatflors.cat\/2011-2012\/premsa\/convocatoria_residencia_poblenou_graner.pdf\" target=\"_blank\">M\u00e1s informaci\u00f3n<\/a><\/p>\n","protected":false},"excerpt":{"rendered":"<p>Esta convocatoria conjunta se dirige a creaciones de danza contempor\u00e1nea [&hellip;]<\/p>\n","protected":false},"author":1,"featured_media":0,"comment_status":"open","ping_status":"open","sticky":false,"template":"","format":"standard","meta":[],"categories":[16],"tags":[],"_links":{"self":[{"href":"https:\/\/old.mercatflors.cat\/es\/wp-json\/wp\/v2\/posts\/535\/"}],"collection":[{"href":"https:\/\/old.mercatflors.cat\/es\/wp-json\/wp\/v2\/posts\/"}],"about":[{"href":"https:\/\/old.mercatflors.cat\/es\/wp-json\/wp\/v2\/types\/post\/"}],"author":[{"embeddable":true,"href":"https:\/\/old.mercatflors.cat\/es\/wp-json\/wp\/v2\/users\/1\/"}],"replies":[{"embeddable":true,"href":"https:\/\/old.mercatflors.cat\/es\/wp-json\/wp\/v2\/comments\/?post=535"}],"version-history":[{"count":0,"href":"https:\/\/old.mercatflors.cat\/es\/wp-json\/wp\/v2\/posts\/535\/revisions\/"}],"wp:attachment":[{"href":"https:\/\/old.mercatflors.cat\/es\/wp-json\/wp\/v2\/media\/?parent=535"}],"wp:term":[{"taxonomy":"category","embeddable":true,"href":"https:\/\/old.mercatflors.cat\/es\/wp-json\/wp\/v2\/categories\/?post=535"},{"taxonomy":"post_tag","embeddable":true,"href":"https:\/\/old.mercatflors.cat\/es\/wp-json\/wp\/v2\/tags\/?post=535"}],"curies":[{"name":"wp","href":"https:\/\/api.w.org\/{rel}","templated":true}]}}