{"id":53531,"date":"2021-12-09T13:46:19","date_gmt":"2021-12-09T12:46:19","guid":{"rendered":"https:\/\/old.mercatflors.cat\/?p=53531"},"modified":"2021-12-29T16:47:39","modified_gmt":"2021-12-29T15:47:39","slug":"nuevo-cel%c2%b7lula-lab-con-emma-villavecchia","status":"publish","type":"post","link":"https:\/\/old.mercatflors.cat\/es\/general-es\/nuevo-cel%c2%b7lula-lab-con-emma-villavecchia\/","title":{"rendered":"Nuevo C\u00c8L\u00b7LULA LAB con Emma Villavecchia"},"content":{"rendered":"<ul>\n<li><strong>Convocatoria abierta para int\u00e9rpretes profesionales<\/strong><\/li>\n<li><strong>Fecha de inscripciones: del 3 de diciembre al 5 de enero<\/strong><\/li>\n<\/ul>\n<p>El Mercat de les Flors organiza un nuevo C\u00c8L\u00b7LULA LAB dirigido por Emma Villavecchia. El taller, que tendr\u00e1 lugar del 10 al 12 de enero de 2022, est\u00e1 dirigido a int\u00e9rpretes profesionales interesados en las metodolog\u00edas que esta creadora desarrolla en su espect\u00e1culo <em>R\u00edtmia<\/em>, que veremos en el Mercat de les Flors dentro del ciclo <em>Danza y M\u00fasica en conversaci\u00f3n <\/em>del 10 al 12 de enero.<\/p>\n<p>Villavecchia propone lo siguiente: <em>En este laboratorio tomaremos como punto de partida las metodolog\u00edas de creaci\u00f3n de <\/em>R\u00edtmia<em>. A partir de propuestas sensoriales y pautas de improvisaci\u00f3n, exploraremos la musicalidad y sonoridad del movimiento desde un cuerpo resonante y percusivo. Afinaremos nuestra percepci\u00f3n del tiempo y del ritmo con propuestas de entrenamiento r\u00edtmico que incluir\u00e1n el uso de s\u00edlabas r\u00edtmicas y elementos del lenguaje musical Nuzic. Desde esta base nos sumergeremos progresivamente en la complejidad de diferentes estructuras polir\u00edtmicas, desglosando y saboreando las capas que las conforman gracias a una escucha propioceptiva, auditiva y t\u00e1ctil. A medida que integremos estas herramientas y lenguajes, exploraremos su potencial a trav\u00e9s de diferentes propuestas compositivas y las comentaremos conjuntamente. Este formato nos permitir\u00e1 generar conocimiento de manera colectiva, profundizando en la investigaci\u00f3n y generando un espacio de intercambio y de reflexi\u00f3n alrededor de la metodolog\u00eda de <\/em>R\u00edtmia<em>.<\/em><\/p>\n<p>Puedes encontrar informaci\u00f3n de <em>R\u00edtmia<\/em> y de Emma Villavecchia <a href=\"https:\/\/old.mercatflors.cat\/es\/espectacle\/ritmia\/\"><strong>AQU\u00cd<\/strong><\/a><\/p>\n<p><strong>CALENDARIO DE DE LA CONVOCATORIA:<\/strong><\/p>\n<ul>\n<li>Fecha de inscripciones: del 3 de diciembre al 5 de enero<\/li>\n<li>Taller los d\u00edas 10, 11 y 12 de gener 2022 de 10 h a 14 h en la sala Pina Bausch<\/li>\n<\/ul>\n<p><strong>REQUISITOS DE LAS PERSONAS INTERESADAS:<\/strong><\/p>\n<ul>\n<li>El LAB tiene un COSTE de 30 \u20ac.<\/li>\n<li>Hay 20 plazas disponibles que se otorgar\u00e1n por orden de inscripci\u00f3n y pago.<\/li>\n<li>Disponibilidad y compromiso para todos los d\u00edas y horarios del taller.<\/li>\n<\/ul>\n<p><strong>INFORMACI\u00d3N E INSCRIPCI\u00d3N A LA CONVOCATORIA:<\/strong><\/p>\n<p>Para la inscripci\u00f3n al taller se requiere hacer el pago del coste del mismo y enviar ficha de inscripci\u00f3n + un breve CV al correo <a href=\"mailto:participa@mercatflors.cat\"><span style=\"color: #0000ff;\"><strong>participa@mercatflors.cat<\/strong><\/span><\/a><\/p>\n<p><strong>FICHA SOLICITUD INSCRIPCI\u00d3N <a href=\"https:\/\/old.mercatflors.cat\/wp-content\/uploads\/2021\/12\/Fitxa-inscripci\u00f3-LAB-EMMA-VILLAVECCHIA.pdf\">AQU\u00cd<\/a><\/strong><\/p>\n<p><strong>PAGO<\/strong> <a href=\"https:\/\/es.patronbase.com\/_MercatFlorsEs\/Seats\/NumSeats?prod_id=930&amp;perf_id=1&amp;section_id=M&amp;action=&amp;seat_type_id=BUT\"><strong>AQU\u00cd\u00a0 <\/strong><\/a><\/p>\n<p>La <strong>Fundaci\u00f3 Banc Sabadell<\/strong> apoya el proyecto <strong>C\u00c8L\u00b7LULA<\/strong>.<\/p>\n<p><b><img decoding=\"async\" loading=\"lazy\" class=\"alignnone size-full wp-image-43059\" src=\"https:\/\/old.mercatflors.cat\/wp-content\/uploads\/2019\/07\/sabadellfund.png\" alt=\"\" width=\"152\" height=\"55\" \/><\/b><\/p>\n","protected":false},"excerpt":{"rendered":"<p>Convocatoria abierta para int\u00e9rpretes profesionales Fecha de inscripciones: del 3 [&hellip;]<\/p>\n","protected":false},"author":1,"featured_media":0,"comment_status":"open","ping_status":"open","sticky":false,"template":"","format":"standard","meta":[],"categories":[4],"tags":[],"_links":{"self":[{"href":"https:\/\/old.mercatflors.cat\/es\/wp-json\/wp\/v2\/posts\/53531\/"}],"collection":[{"href":"https:\/\/old.mercatflors.cat\/es\/wp-json\/wp\/v2\/posts\/"}],"about":[{"href":"https:\/\/old.mercatflors.cat\/es\/wp-json\/wp\/v2\/types\/post\/"}],"author":[{"embeddable":true,"href":"https:\/\/old.mercatflors.cat\/es\/wp-json\/wp\/v2\/users\/1\/"}],"replies":[{"embeddable":true,"href":"https:\/\/old.mercatflors.cat\/es\/wp-json\/wp\/v2\/comments\/?post=53531"}],"version-history":[{"count":0,"href":"https:\/\/old.mercatflors.cat\/es\/wp-json\/wp\/v2\/posts\/53531\/revisions\/"}],"wp:attachment":[{"href":"https:\/\/old.mercatflors.cat\/es\/wp-json\/wp\/v2\/media\/?parent=53531"}],"wp:term":[{"taxonomy":"category","embeddable":true,"href":"https:\/\/old.mercatflors.cat\/es\/wp-json\/wp\/v2\/categories\/?post=53531"},{"taxonomy":"post_tag","embeddable":true,"href":"https:\/\/old.mercatflors.cat\/es\/wp-json\/wp\/v2\/tags\/?post=53531"}],"curies":[{"name":"wp","href":"https:\/\/api.w.org\/{rel}","templated":true}]}}