{"id":53574,"date":"2021-12-14T16:01:25","date_gmt":"2021-12-14T15:01:25","guid":{"rendered":"https:\/\/old.mercatflors.cat\/?p=53574"},"modified":"2022-02-07T10:55:37","modified_gmt":"2022-02-07T09:55:37","slug":"la-escuela-p-a-r-t-s-abre-proceso-de-seleccion-en-barcelona","status":"publish","type":"post","link":"https:\/\/old.mercatflors.cat\/es\/actualidad\/la-escuela-p-a-r-t-s-abre-proceso-de-seleccion-en-barcelona\/","title":{"rendered":"La escuela P.A.R.T.S. abre proceso de selecci\u00f3n en Barcelona"},"content":{"rendered":"<p>La escuela belga P.A.R.T.S., fundada en 1995 por Anna Teresa de Keersmaeker (core\u00f3grafa y directora de la compa\u00f1\u00eda Rosas), pone en marcha en 18 ciudades (Atenas, Barcelona, \u200b\u200bBruselas, Bucarest, Budapest, Florencia, Hamburgo, Helsinki, Par\u00eds, Oporto, Reykjavik, Riga, S\u00e3o Paulo, Estocolmo, Tokio, T\u00fanez, Viena y Z\u00farich) las inscripciones de preselecci\u00f3n para el ciclo formativo 2022-2025 de Bachillerato en Danza contempor\u00e1nea.<\/p>\n<p>La formaci\u00f3n en P.A.R.T.S se basa en un programa arraigado a las tradiciones e ideas occidentales, que incluye otras voces y enfoques. La formaci\u00f3n ofrece una t\u00e9cnica de danza s\u00f3lida y diversa, una visi\u00f3n concreta de la composici\u00f3n, la improvisaci\u00f3n y el repertorio, aprender a pensar y escribir cr\u00edticamente en seminarios te\u00f3ricos, la experiencia de desarrollar la propia voz coreogr\u00e1fica y un intenso compromiso con la m\u00fasica y el teatro.<\/p>\n<p>La audici\u00f3n de Barcelona tendr\u00e1 lugar el s\u00e1bado 5 de marzo en el Mercat de les Flors.<\/p>\n<p><a href=\"https:\/\/old.mercatflors.cat\/wp-content\/uploads\/2021\/12\/PARTS-Auditions-2021_Flyer_DIG_DEFFF.pdf\"><strong>m\u00e1s informaci\u00f3n<\/strong><\/a><\/p>\n","protected":false},"excerpt":{"rendered":"<p>La escuela belga P.A.R.T.S., fundada en 1995 por Anna Teresa [&hellip;]<\/p>\n","protected":false},"author":1,"featured_media":0,"comment_status":"open","ping_status":"open","sticky":false,"template":"","format":"standard","meta":[],"categories":[16],"tags":[],"_links":{"self":[{"href":"https:\/\/old.mercatflors.cat\/es\/wp-json\/wp\/v2\/posts\/53574\/"}],"collection":[{"href":"https:\/\/old.mercatflors.cat\/es\/wp-json\/wp\/v2\/posts\/"}],"about":[{"href":"https:\/\/old.mercatflors.cat\/es\/wp-json\/wp\/v2\/types\/post\/"}],"author":[{"embeddable":true,"href":"https:\/\/old.mercatflors.cat\/es\/wp-json\/wp\/v2\/users\/1\/"}],"replies":[{"embeddable":true,"href":"https:\/\/old.mercatflors.cat\/es\/wp-json\/wp\/v2\/comments\/?post=53574"}],"version-history":[{"count":0,"href":"https:\/\/old.mercatflors.cat\/es\/wp-json\/wp\/v2\/posts\/53574\/revisions\/"}],"wp:attachment":[{"href":"https:\/\/old.mercatflors.cat\/es\/wp-json\/wp\/v2\/media\/?parent=53574"}],"wp:term":[{"taxonomy":"category","embeddable":true,"href":"https:\/\/old.mercatflors.cat\/es\/wp-json\/wp\/v2\/categories\/?post=53574"},{"taxonomy":"post_tag","embeddable":true,"href":"https:\/\/old.mercatflors.cat\/es\/wp-json\/wp\/v2\/tags\/?post=53574"}],"curies":[{"name":"wp","href":"https:\/\/api.w.org\/{rel}","templated":true}]}}