{"id":53630,"date":"2021-12-17T12:57:48","date_gmt":"2021-12-17T11:57:48","guid":{"rendered":"https:\/\/old.mercatflors.cat\/?p=53630"},"modified":"2022-01-10T16:23:22","modified_gmt":"2022-01-10T15:23:22","slug":"una-extensa-programacion-audiovisual-en-la-plataforma-citerne","status":"publish","type":"post","link":"https:\/\/old.mercatflors.cat\/es\/actualidad\/una-extensa-programacion-audiovisual-en-la-plataforma-citerne\/","title":{"rendered":"Una extensa programaci\u00f3n audiovisual en la plataforma Citerne"},"content":{"rendered":"<p>Despedimos el a\u00f1o con una extensa y variada programaci\u00f3n de piezas audiovisuales a trav\u00e9s de Citerne.live, plataforma a la que el Mercat de les Flors est\u00e1 asociado. As\u00ed, los d\u00edas 28 y 29 de diciembre el Mercat ofrece los siguientes audiovisuales: <em>Parr\u00e0<\/em>, de Miquel Barcelona, que se estrena en \u00a0la plataforma; <em>Tradere<\/em>, de Laia Santanach; <em>Bruma Net #18<\/em>, de Konic thtr; <em>La hora de la despedida<\/em>, de Juan Carlos L\u00e9rida; <em>Bird Dog<\/em>, de Marina Mascarell; <em>Cossoc<\/em>, de Magi Serra i Anamaria Klajn\u0161\u010dek; <em>Brots Ytanshumants<\/em>, de Mag\u00ed Serra; <em>Gizaki<\/em>, de Lali Ayguad\u00e9 Company; <em>Rastrofon\u00edas<\/em>, de Amaranta Velarde; <em>Lazarus<\/em>, de Tuix\u00e9n Benet; <em>Jungla<\/em>, de Big Bouncers, y <em>Source<\/em>, de Guido Sarli.<\/p>\n<p>Algunas de las creaciones de v\u00eddeodanza que presentamos han sido coproducidas por el Mercat de les Flors y se han ido presentando a lo largo de la temporada en Citerne.live. Tambi\u00e9n se a\u00f1aden otras piezas finalistas y ganadoras de festivales de videodanza en los que ha participado el Mercat. Ahora tenemos una nueva y \u00fanica oportunidad de disfrutarlas con esta recopilaci\u00f3n de la temporada.<\/p>\n<p>Estas piezas se podr\u00e1n ver en un mismo pack (que tendr\u00e1 un coste de 8 \u20ac) desde las 12 hors de la ma\u00f1ana del martes 28 de diciembre hasta las 24 h de la noche del mi\u00e9rcoles 29 de diciembre.<\/p>\n<p>El Mercat de les Flors est\u00e1 asociado desde el a\u00f1o pasado al espacio digital interdisciplinario Citerne.live, un espacio en l\u00ednea dise\u00f1ado para servir como &#8220;hub seguro&#8221; art\u00edstico que propone un programa de eventos culturales. Pretende presentar una rica programaci\u00f3n art\u00edstica con especial atenci\u00f3n a los proyectos que no pudieron realizar en sus propios contextos culturales y sociales. Citerne.live se inspira en un proyecto cultural de Beirut que se vio obligado a desmantelar en agosto de 2019.<\/p>\n<p><a href=\"https:\/\/www.citerne.live\/\"><span style=\"color: #0000ff;\"><strong>CITERNE.LIVE<\/strong><\/span><\/a><\/p>\n","protected":false},"excerpt":{"rendered":"<p>Despedimos el a\u00f1o con una extensa y variada programaci\u00f3n de [&hellip;]<\/p>\n","protected":false},"author":1,"featured_media":0,"comment_status":"open","ping_status":"open","sticky":false,"template":"","format":"standard","meta":[],"categories":[16],"tags":[],"_links":{"self":[{"href":"https:\/\/old.mercatflors.cat\/es\/wp-json\/wp\/v2\/posts\/53630\/"}],"collection":[{"href":"https:\/\/old.mercatflors.cat\/es\/wp-json\/wp\/v2\/posts\/"}],"about":[{"href":"https:\/\/old.mercatflors.cat\/es\/wp-json\/wp\/v2\/types\/post\/"}],"author":[{"embeddable":true,"href":"https:\/\/old.mercatflors.cat\/es\/wp-json\/wp\/v2\/users\/1\/"}],"replies":[{"embeddable":true,"href":"https:\/\/old.mercatflors.cat\/es\/wp-json\/wp\/v2\/comments\/?post=53630"}],"version-history":[{"count":0,"href":"https:\/\/old.mercatflors.cat\/es\/wp-json\/wp\/v2\/posts\/53630\/revisions\/"}],"wp:attachment":[{"href":"https:\/\/old.mercatflors.cat\/es\/wp-json\/wp\/v2\/media\/?parent=53630"}],"wp:term":[{"taxonomy":"category","embeddable":true,"href":"https:\/\/old.mercatflors.cat\/es\/wp-json\/wp\/v2\/categories\/?post=53630"},{"taxonomy":"post_tag","embeddable":true,"href":"https:\/\/old.mercatflors.cat\/es\/wp-json\/wp\/v2\/tags\/?post=53630"}],"curies":[{"name":"wp","href":"https:\/\/api.w.org\/{rel}","templated":true}]}}