{"id":53735,"date":"2021-12-28T12:45:49","date_gmt":"2021-12-28T11:45:49","guid":{"rendered":"https:\/\/old.mercatflors.cat\/?p=53735"},"modified":"2022-02-21T10:12:13","modified_gmt":"2022-02-21T09:12:13","slug":"presentacion-de-la-biografia-sobre-la-argentinita-de-paulina-fariza","status":"publish","type":"post","link":"https:\/\/old.mercatflors.cat\/es\/actualidad\/presentacion-de-la-biografia-sobre-la-argentinita-de-paulina-fariza\/","title":{"rendered":"Presentaci\u00f3n de la biograf\u00eda sobre La Argentinita, de Paulina Fariza"},"content":{"rendered":"<p>El mi\u00e9rcoles 9 de febrero, a las 19 h, tendr\u00e1 lugar en el Mercat de les Flors la presentaci\u00f3n del libro <em>La vida encontrada de Encarnaci\u00f3n L\u00f3pez, La Argentinita<\/em>, un estudio e investigaci\u00f3n realizado por Paulina Fariza publicado por la editorial Bala Perdida. Se trata de la biograf\u00eda de una de las figuras m\u00e1s relevantes de la danza y de la cultura espa\u00f1ola del siglo XX, cuando empez\u00f3 con gran \u00e9xito en el mundo de las &#8220;variet\u00e9s hasta la creaci\u00f3n de grandes hitos esc\u00e9nicos, como por ejemplo <em>Las calles de C\u00e1diz<\/em>, <em>El amor brujo<\/em> o <em>La romer\u00eda de los cornudos<\/em>. Vinculada a los poetas de la Generaci\u00f3n del 27 -como Garc\u00eda Lorca, con quien trabaj\u00f3-, continu\u00f3 su carrera en el continente americano durante la primera mitad de la d\u00e9cada de los a\u00f1os 40 con gran \u00e9xito.<\/p>\n<p>Este libro es una biograf\u00eda imprescindible que es a la vez investigaci\u00f3n period\u00edstica y documental que recupera la figura de La Argentinita, una mujer borrada del relato contempor\u00e1neo y que forma parte del primer movimiento de mujeres por sus derechos. El libro quiere llenar el vac\u00edo bibliogr\u00e1fico en cuanto a su figura, la cultura del exilio, el movimiento de las mujeres y el devenir del flamenco.<\/p>\n<p>El acto consistir\u00e1 en una charla en torno a la figura de La Argentinita, a cargo de Paulina Fariza Guttmann, autora de la investigaci\u00f3n y de la biograf\u00eda de reciente publicaci\u00f3n; de la directora, core\u00f3grafa y estudiosa de la danza In\u00e9s Boza, y de la autora y cineasta T\u00e0nia Ball\u00f3. Adem\u00e1s, el acto contar\u00e1 con las intervenciones bailadas de la int\u00e9rprete Clara Higueras.<\/p>\n<p>El acceso al acto ser\u00e1 gratuito previa inscripci\u00f3n. <a href=\"https:\/\/es.patronbase.com\/_MercatFlorsEs\/Seats\/NumSeats?prod_id=937&amp;perf_id=1&amp;section_id=M&amp;action=&amp;seat_type_id=BUT\">I<span style=\"color: #0000ff;\">NSCRIPCI\u00d3N<\/span><\/a><\/p>\n<p><img decoding=\"async\" loading=\"lazy\" class=\"alignnone wp-image-53730\" src=\"https:\/\/old.mercatflors.cat\/wp-content\/uploads\/2021\/12\/Portada-Alta@1x-100-350x531.jpg\" alt=\"\" width=\"236\" height=\"358\" srcset=\"https:\/\/old.mercatflors.cat\/wp-content\/uploads\/2021\/12\/Portada-Alta@1x-100-350x531.jpg 350w, https:\/\/old.mercatflors.cat\/wp-content\/uploads\/2021\/12\/Portada-Alta@1x-100-768x1165.jpg 768w, https:\/\/old.mercatflors.cat\/wp-content\/uploads\/2021\/12\/Portada-Alta@1x-100-323x490.jpg 323w\" sizes=\"(max-width: 236px) 100vw, 236px\" \/><\/p>\n","protected":false},"excerpt":{"rendered":"<p>El mi\u00e9rcoles 9 de febrero, a las 19 h, tendr\u00e1 [&hellip;]<\/p>\n","protected":false},"author":1,"featured_media":0,"comment_status":"open","ping_status":"open","sticky":false,"template":"","format":"standard","meta":[],"categories":[16],"tags":[],"_links":{"self":[{"href":"https:\/\/old.mercatflors.cat\/es\/wp-json\/wp\/v2\/posts\/53735\/"}],"collection":[{"href":"https:\/\/old.mercatflors.cat\/es\/wp-json\/wp\/v2\/posts\/"}],"about":[{"href":"https:\/\/old.mercatflors.cat\/es\/wp-json\/wp\/v2\/types\/post\/"}],"author":[{"embeddable":true,"href":"https:\/\/old.mercatflors.cat\/es\/wp-json\/wp\/v2\/users\/1\/"}],"replies":[{"embeddable":true,"href":"https:\/\/old.mercatflors.cat\/es\/wp-json\/wp\/v2\/comments\/?post=53735"}],"version-history":[{"count":0,"href":"https:\/\/old.mercatflors.cat\/es\/wp-json\/wp\/v2\/posts\/53735\/revisions\/"}],"wp:attachment":[{"href":"https:\/\/old.mercatflors.cat\/es\/wp-json\/wp\/v2\/media\/?parent=53735"}],"wp:term":[{"taxonomy":"category","embeddable":true,"href":"https:\/\/old.mercatflors.cat\/es\/wp-json\/wp\/v2\/categories\/?post=53735"},{"taxonomy":"post_tag","embeddable":true,"href":"https:\/\/old.mercatflors.cat\/es\/wp-json\/wp\/v2\/tags\/?post=53735"}],"curies":[{"name":"wp","href":"https:\/\/api.w.org\/{rel}","templated":true}]}}