{"id":542,"date":"2012-03-01T11:07:39","date_gmt":"2012-03-01T11:07:39","guid":{"rendered":"https:\/\/old.mercatflors.cat\/?p=542"},"modified":"2012-07-20T11:08:00","modified_gmt":"2012-07-20T11:08:00","slug":"firmado-el-nuevo-contrato-programa-del-mercat-de-les-flors","status":"publish","type":"post","link":"https:\/\/old.mercatflors.cat\/es\/actualidad\/firmado-el-nuevo-contrato-programa-del-mercat-de-les-flors\/","title":{"rendered":"Firmado el nuevo contrato-programa del Mercat de les Flors"},"content":{"rendered":"<p>El conseller de Cultura, Ferran Mascarell, y el teniente de alcalde de Cultura, Coneixement, Creativitat i Innovaci\u00f3 del Ayuntamiento de Barcelona, Jaume Ciurana, han firmado hoy, con el director del Mercat de les Flors, Francesc Casades\u00fas, el nuevo contrato programa del Consorcio Mercat de les Flors \u2013 Centro de las Artes de Movimiento.<\/p>\n<p>El contrato programa comprende el periodo 2012-2015 y define las l\u00edneas estrat\u00e9gicas a partir de las cuales se elaborar\u00e1n las propuestas art\u00edsticas y el contenido cualitativo del equipamiento para los pr\u00f3ximos cuatro a\u00f1os.<\/p>\n<p>Puedes consultar el resumen\u00a0<span style=\"text-decoration: underline;\"><a href=\"http:\/\/www.mercatflors.cat\/2011-2012\/premsa\/resum_contracte_program.pdf\" target=\"_blank\">aqu\u00ed<\/a><\/span>\u00a0i el Contrato Programa entero\u00a0<a href=\"http:\/\/www.mercatflors.cat\/2011-2012\/info_institucional\/contracte-programa_mercat_01032012.pdf\" target=\"_blank\"><span style=\"text-decoration: underline;\">aqu\u00ed<\/span><\/a><\/p>\n","protected":false},"excerpt":{"rendered":"<p>El conseller de Cultura, Ferran Mascarell, y el teniente de [&hellip;]<\/p>\n","protected":false},"author":1,"featured_media":0,"comment_status":"open","ping_status":"open","sticky":false,"template":"","format":"standard","meta":[],"categories":[16],"tags":[],"_links":{"self":[{"href":"https:\/\/old.mercatflors.cat\/es\/wp-json\/wp\/v2\/posts\/542\/"}],"collection":[{"href":"https:\/\/old.mercatflors.cat\/es\/wp-json\/wp\/v2\/posts\/"}],"about":[{"href":"https:\/\/old.mercatflors.cat\/es\/wp-json\/wp\/v2\/types\/post\/"}],"author":[{"embeddable":true,"href":"https:\/\/old.mercatflors.cat\/es\/wp-json\/wp\/v2\/users\/1\/"}],"replies":[{"embeddable":true,"href":"https:\/\/old.mercatflors.cat\/es\/wp-json\/wp\/v2\/comments\/?post=542"}],"version-history":[{"count":0,"href":"https:\/\/old.mercatflors.cat\/es\/wp-json\/wp\/v2\/posts\/542\/revisions\/"}],"wp:attachment":[{"href":"https:\/\/old.mercatflors.cat\/es\/wp-json\/wp\/v2\/media\/?parent=542"}],"wp:term":[{"taxonomy":"category","embeddable":true,"href":"https:\/\/old.mercatflors.cat\/es\/wp-json\/wp\/v2\/categories\/?post=542"},{"taxonomy":"post_tag","embeddable":true,"href":"https:\/\/old.mercatflors.cat\/es\/wp-json\/wp\/v2\/tags\/?post=542"}],"curies":[{"name":"wp","href":"https:\/\/api.w.org\/{rel}","templated":true}]}}