{"id":54244,"date":"2022-03-04T07:42:54","date_gmt":"2022-03-04T06:42:54","guid":{"rendered":"https:\/\/old.mercatflors.cat\/?p=54244"},"modified":"2022-12-22T16:21:55","modified_gmt":"2022-12-22T15:21:55","slug":"el-mercat-de-les-flors-condena-la-guerra-en-ucraina","status":"publish","type":"post","link":"https:\/\/old.mercatflors.cat\/es\/actualidad\/el-mercat-de-les-flors-condena-la-guerra-en-ucraina\/","title":{"rendered":"El Mercat de les Flors condena la guerra en Ucraina"},"content":{"rendered":"<p>Desde el Mercat de les Flors queremos expresar nuestro rotundo rechazo a la violencia, condenamos la invasi\u00f3n y la guerra iniciada por Rusia contra Ucraina.<\/p>\n<p>Pensamos que es deplorable lo que est\u00e1 pasando y nos sentimos profundamente afectados por esta cat\u00e1strofe humanitaria. Damos todo nuestro apoyo al pueblo ucraniano y nos solidarizamos con sus v\u00edctimas.<\/p>\n<p>Mantenemos nuestro compromiso con la cultura y el arte como espacios para la construcci\u00f3n de una sociedad mejor para cultivar la belleza, el sentido cr\u00edtico y el respeto, la escucha y el di\u00e1logo, la diversidad y la comprensi\u00f3n, la honestidad y la paz entre los seres humanos.<\/p>\n","protected":false},"excerpt":{"rendered":"<p>Desde el Mercat de les Flors queremos expresar nuestro rotundo [&hellip;]<\/p>\n","protected":false},"author":1,"featured_media":0,"comment_status":"open","ping_status":"open","sticky":false,"template":"","format":"standard","meta":[],"categories":[16],"tags":[],"_links":{"self":[{"href":"https:\/\/old.mercatflors.cat\/es\/wp-json\/wp\/v2\/posts\/54244\/"}],"collection":[{"href":"https:\/\/old.mercatflors.cat\/es\/wp-json\/wp\/v2\/posts\/"}],"about":[{"href":"https:\/\/old.mercatflors.cat\/es\/wp-json\/wp\/v2\/types\/post\/"}],"author":[{"embeddable":true,"href":"https:\/\/old.mercatflors.cat\/es\/wp-json\/wp\/v2\/users\/1\/"}],"replies":[{"embeddable":true,"href":"https:\/\/old.mercatflors.cat\/es\/wp-json\/wp\/v2\/comments\/?post=54244"}],"version-history":[{"count":0,"href":"https:\/\/old.mercatflors.cat\/es\/wp-json\/wp\/v2\/posts\/54244\/revisions\/"}],"wp:attachment":[{"href":"https:\/\/old.mercatflors.cat\/es\/wp-json\/wp\/v2\/media\/?parent=54244"}],"wp:term":[{"taxonomy":"category","embeddable":true,"href":"https:\/\/old.mercatflors.cat\/es\/wp-json\/wp\/v2\/categories\/?post=54244"},{"taxonomy":"post_tag","embeddable":true,"href":"https:\/\/old.mercatflors.cat\/es\/wp-json\/wp\/v2\/tags\/?post=54244"}],"curies":[{"name":"wp","href":"https:\/\/api.w.org\/{rel}","templated":true}]}}