{"id":54278,"date":"2022-03-08T06:52:38","date_gmt":"2022-03-08T05:52:38","guid":{"rendered":"https:\/\/old.mercatflors.cat\/?p=54278"},"modified":"2022-03-08T16:12:58","modified_gmt":"2022-03-08T15:12:58","slug":"la-dansa-se-acerca-a-las-perdonas-mayores","status":"publish","type":"post","link":"https:\/\/old.mercatflors.cat\/es\/general-es\/la-dansa-se-acerca-a-las-perdonas-mayores\/","title":{"rendered":"La danza se acerca a las personas mayores"},"content":{"rendered":"<p><strong>El Mercat de les Flors colabora con Apropa aCultura en el programa para las personas mayores de las residencias municipales<\/strong><\/p>\n<p>Desde este pasado enero y hasta finales de 2023 est\u00e1 previsto desarrollar el programa La Dansa s\u2019Apropa (<em>La Danza se Acerca<\/em>), un proyecto de danza para personas mayores que viven en residencias, sector muy afectado durante la pandemia. La iniciativa nace de un encargo a Apropa Cultura por parte del Instituto Municipal de Servicios Sociales (IMSS) del Ayuntamiento de Barcelona para las cuatro residencias municipales (Josep Miracle, Francesc Layret, L\u2019Onada Guinard\u00f3 y Fort Pienc). Las profesionales y colaboradoras de Apropa Cultura,\u00a0Sonia Gainza, Tere P\u00e9rez y Susana P\u00e9rez, han dise\u00f1ado el projecte\u00a0<em>La Dansa s\u2019Apropa<\/em> en\u00a0colaboraci\u00f3n con el\u00a0Mercat de les Flors. Un equipo de core\u00f3grafas y bailarinas formado por Cl\u00e0udia Solano, Magdalena Garz\u00f3n, Toni Mira, Montse Iranzo, Elia Gen\u00eds y Diana Gadhis proponen sesiones de danza en estos centros con la finalidad de mejorar el estado de \u00e1nimo, trabajar procesos cognitivos y aumentar las relaciones interpersonales. Las personas destinatarias tienen una<\/p>\n<p>Los valores que impulsan el proyecto son tambi\u00e9n los pilares de las l\u00edneas del programa social y educativo que el Mercat de les Flors desarrolla como uno de los ejes de su programa principal.<\/p>\n<p><img decoding=\"async\" loading=\"lazy\" class=\"size-medium wp-image-54274\" src=\"https:\/\/old.mercatflors.cat\/wp-content\/uploads\/2022\/03\/LA-DANSA-APROPA-10-350x233.jpg\" alt=\"\" width=\"350\" height=\"233\" srcset=\"https:\/\/old.mercatflors.cat\/wp-content\/uploads\/2022\/03\/LA-DANSA-APROPA-10-350x233.jpg 350w, https:\/\/old.mercatflors.cat\/wp-content\/uploads\/2022\/03\/LA-DANSA-APROPA-10-768x512.jpg 768w, https:\/\/old.mercatflors.cat\/wp-content\/uploads\/2022\/03\/LA-DANSA-APROPA-10-735x490.jpg 735w\" sizes=\"(max-width: 350px) 100vw, 350px\" \/><\/p>\n","protected":false},"excerpt":{"rendered":"<p>El Mercat de les Flors colabora con Apropa aCultura en [&hellip;]<\/p>\n","protected":false},"author":1,"featured_media":0,"comment_status":"open","ping_status":"open","sticky":false,"template":"","format":"standard","meta":[],"categories":[16,4],"tags":[],"_links":{"self":[{"href":"https:\/\/old.mercatflors.cat\/es\/wp-json\/wp\/v2\/posts\/54278\/"}],"collection":[{"href":"https:\/\/old.mercatflors.cat\/es\/wp-json\/wp\/v2\/posts\/"}],"about":[{"href":"https:\/\/old.mercatflors.cat\/es\/wp-json\/wp\/v2\/types\/post\/"}],"author":[{"embeddable":true,"href":"https:\/\/old.mercatflors.cat\/es\/wp-json\/wp\/v2\/users\/1\/"}],"replies":[{"embeddable":true,"href":"https:\/\/old.mercatflors.cat\/es\/wp-json\/wp\/v2\/comments\/?post=54278"}],"version-history":[{"count":0,"href":"https:\/\/old.mercatflors.cat\/es\/wp-json\/wp\/v2\/posts\/54278\/revisions\/"}],"wp:attachment":[{"href":"https:\/\/old.mercatflors.cat\/es\/wp-json\/wp\/v2\/media\/?parent=54278"}],"wp:term":[{"taxonomy":"category","embeddable":true,"href":"https:\/\/old.mercatflors.cat\/es\/wp-json\/wp\/v2\/categories\/?post=54278"},{"taxonomy":"post_tag","embeddable":true,"href":"https:\/\/old.mercatflors.cat\/es\/wp-json\/wp\/v2\/tags\/?post=54278"}],"curies":[{"name":"wp","href":"https:\/\/api.w.org\/{rel}","templated":true}]}}