{"id":54500,"date":"2022-03-22T12:27:28","date_gmt":"2022-03-22T11:27:28","guid":{"rendered":"https:\/\/old.mercatflors.cat\/?p=54500"},"modified":"2022-03-22T12:27:41","modified_gmt":"2022-03-22T11:27:41","slug":"varias-coproducciones-del-mercat-han-recibido-premios-de-la-critica","status":"publish","type":"post","link":"https:\/\/old.mercatflors.cat\/es\/actualidad\/varias-coproducciones-del-mercat-han-recibido-premios-de-la-critica\/","title":{"rendered":"Varias coproducciones del Mercat han recibido Premios de la Cr\u00edtica"},"content":{"rendered":"<p>Desde el Mercat de les Flors queremos felicitar especialmente a Juan Carlos L\u00e9rida, que ha recibido dos Premios de la Cr\u00edtica por su espect\u00e1culo <a href=\"https:\/\/old.mercatflors.cat\/espectacle\/la-liturgia-de-las-horas\/\"><em>La liturgia de las horas<\/em><\/a>, como Mejor Espect\u00e1culo de Danza y com Mejor Int\u00e9rprete. Este trabajo, que tiene una duraci\u00f3n de 12 horas, es una coproducci\u00f3n del Mercat que vimos en junio de 2021.<\/p>\n<p>Tambi\u00e9n felicitar por el el Premio de la Cr\u00edtica a la compa\u00f1\u00eda formada por Guy Nader y Maria Campos por la coreograf\u00eda de <a href=\"https:\/\/old.mercatflors.cat\/espectacle\/made-of-space\/\"><em>Made of Space<\/em><\/a>, tambi\u00e9n una coproducci\u00f3n del Mercat que se present\u00f3 en octubre de 2021.<\/p>\n<p>Adem\u00e1s, han sido finalistas creadores como Cecilia Colacrai por la pieza <a href=\"https:\/\/old.mercatflors.cat\/espectacle\/5-100\/\"><em>5.100<\/em> <\/a>de Joan Catal\u00e0 y espect\u00e1culos como <a href=\"https:\/\/old.mercatflors.cat\/espectacle\/orthopedica-corporatio\/\"><em>Orthopedica Corporatio<\/em> <\/a>de Marina Mascarell (coproducci\u00f3n Mercat, octubre 2021), el <em>P<a href=\"https:\/\/old.mercatflors.cat\/espectacle\/3-coreografies-de-merce-cunningham-for-four-walls-rain-forest-i-sounddance\/\">rograma Cunningham<\/a><\/em> del Ballet de Lorraine (Mercat de les Flors, marzo 2021) o <a href=\"https:\/\/old.mercatflors.cat\/espectacle\/my-body-of-coming-forth-by-day\/\"><em>My body of coming forth by day<\/em> <\/a>de Olivier Dubois (Mercat de es Flors, marzo 2021).<\/p>\n<p>Menciones Especiales de Danza han sido para el Hop Festival; el m\u00fasico Miguel Mar\u00edn por sus aportacions art\u00edsticas y musicales a los espect\u00e1culos de Guy Nader y Maria Campos; a Damien Bazin por el espacio sonoro de <em>Orthopedica corporatio<\/em> y a Paula Miranda por la escenograf\u00eda e iluminaci\u00f3n de <em>Orthopedica corporatio<\/em>.<\/p>\n<p>\u00a1Felicidades a todos los premiados y a los finalistas!<\/p>\n<p>&nbsp;<\/p>\n","protected":false},"excerpt":{"rendered":"<p>Desde el Mercat de les Flors queremos felicitar especialmente a [&hellip;]<\/p>\n","protected":false},"author":1,"featured_media":0,"comment_status":"open","ping_status":"open","sticky":false,"template":"","format":"standard","meta":[],"categories":[16],"tags":[],"_links":{"self":[{"href":"https:\/\/old.mercatflors.cat\/es\/wp-json\/wp\/v2\/posts\/54500\/"}],"collection":[{"href":"https:\/\/old.mercatflors.cat\/es\/wp-json\/wp\/v2\/posts\/"}],"about":[{"href":"https:\/\/old.mercatflors.cat\/es\/wp-json\/wp\/v2\/types\/post\/"}],"author":[{"embeddable":true,"href":"https:\/\/old.mercatflors.cat\/es\/wp-json\/wp\/v2\/users\/1\/"}],"replies":[{"embeddable":true,"href":"https:\/\/old.mercatflors.cat\/es\/wp-json\/wp\/v2\/comments\/?post=54500"}],"version-history":[{"count":0,"href":"https:\/\/old.mercatflors.cat\/es\/wp-json\/wp\/v2\/posts\/54500\/revisions\/"}],"wp:attachment":[{"href":"https:\/\/old.mercatflors.cat\/es\/wp-json\/wp\/v2\/media\/?parent=54500"}],"wp:term":[{"taxonomy":"category","embeddable":true,"href":"https:\/\/old.mercatflors.cat\/es\/wp-json\/wp\/v2\/categories\/?post=54500"},{"taxonomy":"post_tag","embeddable":true,"href":"https:\/\/old.mercatflors.cat\/es\/wp-json\/wp\/v2\/tags\/?post=54500"}],"curies":[{"name":"wp","href":"https:\/\/api.w.org\/{rel}","templated":true}]}}