{"id":546,"date":"2012-03-09T11:09:01","date_gmt":"2012-03-09T11:09:01","guid":{"rendered":"https:\/\/old.mercatflors.cat\/?p=546"},"modified":"2012-07-20T11:09:23","modified_gmt":"2012-07-20T11:09:23","slug":"a-contracuento-de-roberto-fratini-nuevo-libro-de-la-coleccion-cuerpo-de-letra","status":"publish","type":"post","link":"https:\/\/old.mercatflors.cat\/es\/actualidad\/a-contracuento-de-roberto-fratini-nuevo-libro-de-la-coleccion-cuerpo-de-letra\/","title":{"rendered":"\u2018A contracuento\u2019, de Roberto Fratini, nuevo libro de la colecci\u00f3n Cuerpo de Letra"},"content":{"rendered":"<p>Ya se puede encontrar en las librer\u00edas especializadas \u00a0<em>A contracuento<\/em>, el cuarto volumen de la colecci\u00f3n de Danza y Pensamiento impulsada por el Mercat de les Flors, el Institut del Teatre y el Centro Coreogr\u00e1fico Gallego escrito por el profesor Roberto Fratini.<\/p>\n<p>Con el subt\u00edtulo de\u00a0<em>La danza y las derivas del narrar<\/em>, el libro se propone mostrar y rehabilitar la narraci\u00f3n de la danza, relacion\u00e1ndola con el cuento (en su forma originaria de mito).<\/p>\n<p>Roberto Fratini es Doctor en Artes Esc\u00e9nicas por la Universidad de Barcelona y docente de Teor\u00eda de la Danza en el Conservatorio Superior de Danza de Barcelona, adem\u00e1s de dramaturgo y ensayista.<\/p>\n<p>La presentaci\u00f3n ir\u00e1 a cargo de Roberto Fratini, de Francesc Casades\u00fas, director del Mercat de les Flors, y de Magda Polo, coordinadora editorial.<\/p>\n","protected":false},"excerpt":{"rendered":"<p>Ya se puede encontrar en las librer\u00edas especializadas \u00a0A contracuento, [&hellip;]<\/p>\n","protected":false},"author":1,"featured_media":0,"comment_status":"open","ping_status":"open","sticky":false,"template":"","format":"standard","meta":[],"categories":[16],"tags":[],"_links":{"self":[{"href":"https:\/\/old.mercatflors.cat\/es\/wp-json\/wp\/v2\/posts\/546\/"}],"collection":[{"href":"https:\/\/old.mercatflors.cat\/es\/wp-json\/wp\/v2\/posts\/"}],"about":[{"href":"https:\/\/old.mercatflors.cat\/es\/wp-json\/wp\/v2\/types\/post\/"}],"author":[{"embeddable":true,"href":"https:\/\/old.mercatflors.cat\/es\/wp-json\/wp\/v2\/users\/1\/"}],"replies":[{"embeddable":true,"href":"https:\/\/old.mercatflors.cat\/es\/wp-json\/wp\/v2\/comments\/?post=546"}],"version-history":[{"count":0,"href":"https:\/\/old.mercatflors.cat\/es\/wp-json\/wp\/v2\/posts\/546\/revisions\/"}],"wp:attachment":[{"href":"https:\/\/old.mercatflors.cat\/es\/wp-json\/wp\/v2\/media\/?parent=546"}],"wp:term":[{"taxonomy":"category","embeddable":true,"href":"https:\/\/old.mercatflors.cat\/es\/wp-json\/wp\/v2\/categories\/?post=546"},{"taxonomy":"post_tag","embeddable":true,"href":"https:\/\/old.mercatflors.cat\/es\/wp-json\/wp\/v2\/tags\/?post=546"}],"curies":[{"name":"wp","href":"https:\/\/api.w.org\/{rel}","templated":true}]}}