{"id":54929,"date":"2022-05-02T13:08:27","date_gmt":"2022-05-02T12:08:27","guid":{"rendered":"https:\/\/old.mercatflors.cat\/?p=54929"},"modified":"2022-05-02T13:08:27","modified_gmt":"2022-05-02T12:08:27","slug":"cuatro-creadoras-locales-participaran-en-el-camping-france-international-choreographic-platform","status":"publish","type":"post","link":"https:\/\/old.mercatflors.cat\/es\/general-es\/cuatro-creadoras-locales-participaran-en-el-camping-france-international-choreographic-platform\/","title":{"rendered":"Cuatro creadoras locales participar\u00e1n en el Camping France, International choreographic platform"},"content":{"rendered":"<p><strong>La iniciativa ha sido posible gracias a la colaboraci\u00f3n del Mercat de les Flores \u2013 Graner y el CND de Par\u00eds<\/strong><\/p>\n<p><em><strong>Camping<\/strong><\/em>\u00a0es un festival y una plataforma internacional de worhshops y aperturas, una experiencia \u00fanica que ofrece encuentros con artistas del panorama coreogr\u00e1fico internacional. Un espacio art\u00edstico donde todas las experiencias de danza, teatro, performance y artes visuales se encuentran. Esta s\u00e9ptima edici\u00f3n de <em>Camping<\/em>, plataforma impulsada por el Centro Nacional de Danza, ofrece m\u00e1s de 34 workshops a Pantin, Ile-de France y Lyon, en di\u00e1logo con numerosas estructuras asociadas y una docena de espect\u00e1culos y conferencias, todo ello ideado con la complicidad de Gis\u00e8le Vienne, artista asociada al CND.<\/p>\n<p>Parte de los \u201ccampistas\u201d que participar\u00e1n en los workshops llegan gracias al apoyo del Consulat g\u00e9n\u00e9ral de France en Chicago, DacMartinique, Graner &#8211; centro de creaci\u00f3n de danza y artes vivas, Fondation Cartier pour l\u2019art contemporain, Fonds de dotation Porosus, Institut fran\u00e7ais de Chile, de Senegal y de Serbia, Odia Normandie, Onda Office national de diffusion artistique, Mercat de les Flors: Casa de la Dansa, ProHelvetia, ONASSIS STEGI \u2013Outward Turn Programme, TeatroMunicipal do Porto, Th\u00e9\u00e2tre Sevelin 36, TroisC-L.Centre de cr\u00e9ation chor\u00e9graphique luxembourgeois y agenceWBT\/D.<\/p>\n<p>El Mercat de les Flors \u2013 Graner ha invitado a cuatro j\u00f3venes core\u00f3grafas a participar en <em>Camping<\/em>, en di\u00e1logo con el CND. As\u00ed, <strong>Blanca Tols\u00e0<\/strong>, <strong>J\u00falia Godino<\/strong>, <strong>Vera Palomino<\/strong> y <strong>Maria Fernanda Soberon<\/strong> compartir\u00e1n la experiencia <em>Camping<\/em> en Paris del 13 al 24 de junio de 2022. Es la primera vez que Mercat de les Flors \u2013 Graner apoya a <em>Camping<\/em> y selecciona artistas para que puedan participar, en una apuesta por apoyar y dialogar con contextos de transmisi\u00f3n de conocimiento e intercambio de experiencias art\u00edsticas tan enriquecedores como este. Las cuatro artistas han sido seleccionadas mediante carta de invitaci\u00f3n.<\/p>\n<p>Aparte del grupo de \u201ccampistas\u201d seleccionados en di\u00e1logo con diferentes estructuras internacionales vinculadas a la danza y el movimiento, <em>Camping<\/em> ofrece plazas para participar en los workshops bajo inscripci\u00f3n. Pod\u00e9is consultar la programaci\u00f3n de la plataforma-festival en su web:\u00a0<span style=\"color: #0000ff;\"><a style=\"color: #0000ff;\" href=\"https:\/\/www.cnd.fr\/en\/page\/33-camping\" target=\"_blank\" rel=\"noopener\">https:\/\/www.cnd.fr\/en\/page\/33-camping<\/a><\/span><\/p>\n<p>Foto \u00a9Paula Court<\/p>\n<p><img decoding=\"async\" loading=\"lazy\" class=\"alignnone size-medium wp-image-54920\" src=\"https:\/\/old.mercatflors.cat\/wp-content\/uploads\/2022\/05\/camping1-740x1024-350x484.jpg\" alt=\"\" width=\"350\" height=\"484\" srcset=\"https:\/\/old.mercatflors.cat\/wp-content\/uploads\/2022\/05\/camping1-740x1024-350x484.jpg 350w, https:\/\/old.mercatflors.cat\/wp-content\/uploads\/2022\/05\/camping1-740x1024-354x490.jpg 354w, https:\/\/old.mercatflors.cat\/wp-content\/uploads\/2022\/05\/camping1-740x1024.jpg 740w\" sizes=\"(max-width: 350px) 100vw, 350px\" \/><\/p>\n","protected":false},"excerpt":{"rendered":"<p>La iniciativa ha sido posible gracias a la colaboraci\u00f3n del [&hellip;]<\/p>\n","protected":false},"author":1,"featured_media":0,"comment_status":"open","ping_status":"open","sticky":false,"template":"","format":"standard","meta":[],"categories":[16,4],"tags":[],"_links":{"self":[{"href":"https:\/\/old.mercatflors.cat\/es\/wp-json\/wp\/v2\/posts\/54929\/"}],"collection":[{"href":"https:\/\/old.mercatflors.cat\/es\/wp-json\/wp\/v2\/posts\/"}],"about":[{"href":"https:\/\/old.mercatflors.cat\/es\/wp-json\/wp\/v2\/types\/post\/"}],"author":[{"embeddable":true,"href":"https:\/\/old.mercatflors.cat\/es\/wp-json\/wp\/v2\/users\/1\/"}],"replies":[{"embeddable":true,"href":"https:\/\/old.mercatflors.cat\/es\/wp-json\/wp\/v2\/comments\/?post=54929"}],"version-history":[{"count":0,"href":"https:\/\/old.mercatflors.cat\/es\/wp-json\/wp\/v2\/posts\/54929\/revisions\/"}],"wp:attachment":[{"href":"https:\/\/old.mercatflors.cat\/es\/wp-json\/wp\/v2\/media\/?parent=54929"}],"wp:term":[{"taxonomy":"category","embeddable":true,"href":"https:\/\/old.mercatflors.cat\/es\/wp-json\/wp\/v2\/categories\/?post=54929"},{"taxonomy":"post_tag","embeddable":true,"href":"https:\/\/old.mercatflors.cat\/es\/wp-json\/wp\/v2\/tags\/?post=54929"}],"curies":[{"name":"wp","href":"https:\/\/api.w.org\/{rel}","templated":true}]}}