{"id":5520,"date":"2013-01-09T15:59:41","date_gmt":"2013-01-09T15:59:41","guid":{"rendered":"https:\/\/old.mercatflors.cat\/?p=5520"},"modified":"2013-04-23T11:18:07","modified_gmt":"2013-04-23T10:18:07","slug":"se-firma-el-convenio-para-el-proyecto-educativo-de-ambito-catalan-tots-dansen-todos-danzan-dirigido-a-jovenes-de-secundaria","status":"publish","type":"post","link":"https:\/\/old.mercatflors.cat\/es\/actualidad\/se-firma-el-convenio-para-el-proyecto-educativo-de-ambito-catalan-tots-dansen-todos-danzan-dirigido-a-jovenes-de-secundaria\/","title":{"rendered":"Se firma el convenio para el proyecto educativo de \u00e1mbito catal\u00e1n TOTS DANSEN (Todos danzan) dirigido a j\u00f3venes de secundaria"},"content":{"rendered":"<p>El Mercat de les Flors y el Consorcio Transversal- Xarxa d\u2019Activitats Culturals, junto con el Teatre Monumental de Matar\u00f3, el Teatre Auditori de Granollers y el Teatre Principal de Olot acuerdan el desarrollo del proyecto TOTS DANSEN.<\/p>\n<p>Basado en el actual \u201cJornada Joven de Creaci\u00f3n Art\u00edstica: Danza Contempor\u00e1nea\u201d de \u00e1mbito barcelon\u00e9s, se formula el nuevo proyecto TOTS DANSEN que se debe extender \u00a0a toda Catalunya. Los dos son proyectos de pr\u00e1ctica art\u00edstica dirigida y compartida con alumnos de ense\u00f1anza secundaria y bachillerato., con direcci\u00f3n art\u00edstica y de formaci\u00f3n a cargo de core\u00f3grafos profesionales.<\/p>\n<p>TOTS DANSEN est\u00e1 organizado por el Mercat de les Flors y el Consorcio Transversal con la colaboraci\u00f3n de los espacios esc\u00e9nicos de los municipios de Matar\u00f3, Granollers y Olot. Los resultados se ense\u00f1ar\u00e1n a trav\u00e9s de las muestras protagonizadas por alumnos de los diferentes institutos en las tres ciudades y en un encuentro a puerta cerrada de todos los j\u00f3venes int\u00e9rpretes en el Mercat de les Flors el d\u00eda 6 de junio de 2013.<\/p>\n","protected":false},"excerpt":{"rendered":"<p>El Mercat de les Flors y el Consorcio Transversal- Xarxa [&hellip;]<\/p>\n","protected":false},"author":1,"featured_media":0,"comment_status":"open","ping_status":"open","sticky":false,"template":"","format":"standard","meta":[],"categories":[16],"tags":[],"_links":{"self":[{"href":"https:\/\/old.mercatflors.cat\/es\/wp-json\/wp\/v2\/posts\/5520\/"}],"collection":[{"href":"https:\/\/old.mercatflors.cat\/es\/wp-json\/wp\/v2\/posts\/"}],"about":[{"href":"https:\/\/old.mercatflors.cat\/es\/wp-json\/wp\/v2\/types\/post\/"}],"author":[{"embeddable":true,"href":"https:\/\/old.mercatflors.cat\/es\/wp-json\/wp\/v2\/users\/1\/"}],"replies":[{"embeddable":true,"href":"https:\/\/old.mercatflors.cat\/es\/wp-json\/wp\/v2\/comments\/?post=5520"}],"version-history":[{"count":0,"href":"https:\/\/old.mercatflors.cat\/es\/wp-json\/wp\/v2\/posts\/5520\/revisions\/"}],"wp:attachment":[{"href":"https:\/\/old.mercatflors.cat\/es\/wp-json\/wp\/v2\/media\/?parent=5520"}],"wp:term":[{"taxonomy":"category","embeddable":true,"href":"https:\/\/old.mercatflors.cat\/es\/wp-json\/wp\/v2\/categories\/?post=5520"},{"taxonomy":"post_tag","embeddable":true,"href":"https:\/\/old.mercatflors.cat\/es\/wp-json\/wp\/v2\/tags\/?post=5520"}],"curies":[{"name":"wp","href":"https:\/\/api.w.org\/{rel}","templated":true}]}}