{"id":55535,"date":"2022-05-31T13:24:52","date_gmt":"2022-05-31T12:24:52","guid":{"rendered":"https:\/\/old.mercatflors.cat\/?p=55535"},"modified":"2022-11-28T10:37:53","modified_gmt":"2022-11-28T09:37:53","slug":"el-instituto-maria-espinalt-pone-el-broche-al-enresidencia-2021-2022","status":"publish","type":"post","link":"https:\/\/old.mercatflors.cat\/es\/general-es\/el-instituto-maria-espinalt-pone-el-broche-al-enresidencia-2021-2022\/","title":{"rendered":"El Instituto Maria Espinalt pone el broche al ENRESiD\u00c8NCiA 2021\/2022"},"content":{"rendered":"<p>El artista residente\u00a0Adrian\u00a0Vega, el alumnado de primero del Instituto Maria\u00a0Espinalt\u00a0y el profesorado han cerrado su participaci\u00f3n en el proyecto de ENRESiD\u00c8NCiA\u00a0de este curso. Una vez presentada en el Mercat de les Flors su creaci\u00f3n <em>T\u00edtulo provisional<\/em>, el grupo realiz\u00f3 una sesi\u00f3n de clausura del proyecto en el Graner. El pasado 26 de mayo, visitamos las instalaciones de este centro de creaci\u00f3n y artes vivas de la mano de Vega, la artista emergente Marina\u00a0Pravkina\u00a0y la coordinadora del centro, Sonia\u00a0Fernandez.<\/p>\n<p>Despu\u00e9s de la emoci\u00f3n y los nervios de llevar a escena su creaci\u00f3n, las j\u00f3venes pudieron hacer una valoraci\u00f3n de todo el proceso y de la experiencia de entregarse a una metodolog\u00eda de trabajo nueva para la mayor\u00eda de ellas, pero que sin lugar a dudas les ha dejado huella. De manera general, se puso en valor la posibilidad de crear conjuntamente un espect\u00e1culo donde el punto de partida han sido los propios intereses de los j\u00f3venes. Si bien les habr\u00eda gustado incluir una coreograf\u00eda m\u00e1s guiada en el espect\u00e1culo final, se destac\u00f3 la figura de Adrian\u00a0Vega como facilitador e impulsor de sus ideas y estilos de baile favoritos. Considerando tambi\u00e9n, que la pieza presentada es representativa de sus aportaciones enriquecidas por la experiencia y el punto de vista art\u00edstico de Vega.<\/p>\n<p>Este \u00faltimo ha apostado durante todo el proceso por hacer de la motivaci\u00f3n intr\u00ednseca de los j\u00f3venes el motor del proceso creativo. Eso s\u00ed, aportando ideas que tienen que ver con su trabajo art\u00edstico como la creaci\u00f3n de un espect\u00e1culo que cogi\u00f3 la forma de un\u00a0videoblog\u00a0esc\u00e9nico y que recogi\u00f3 el universo creativo y las singularidades de los y las once j\u00f3venes participantes.<\/p>\n<p>Por su parte, la docente Marta\u00a0Gimbert\u00a0reflexion\u00f3 sobre la gesti\u00f3n de un grupo muy diverso, dado que los y las participantes proven\u00edan de diferentes clases y no todas se conoc\u00edan previamente. Un elemento que pod\u00eda jugar en contra se convirti\u00f3 en un elemento a favor dado que la creaci\u00f3n final recoge lenguajes del movimiento diversos que hacen evidentes intereses divergentes entre los y las int\u00e9rpretes. En este \u00faltimo punto se par\u00f3\u00a0Gimbert: a pesar de no tener gustos coincidentes, el alumnado participante ha desarrollado durante el proceso de creaci\u00f3n una mirada respetuosa hacia el trabajo de sus compa\u00f1eros y compa\u00f1eras.<\/p>\n<p>El Instituto Maria\u00a0Espinalt\u00a0encadena su quinta participaci\u00f3n consecutiva en el proyecto\u00a0ENRESiD\u00c8NCiA\u00a0con un bagaje que ha llevado al grupo de este a\u00f1o a iniciar las sesiones en el propio instituto, traslad\u00e1ndolas despu\u00e9s al Casal de barri Bac\u00a0de Roda y finalizando el periplo en la sala Pina\u00a0Bausch\u00a0del Mercat de les Flors donde mostraron su creaci\u00f3n ante el p\u00fablico (previamente hab\u00edan visitado el teatro para ver los espect\u00e1culos: \u2018Made\u00a0of\u00a0Space\u2019\u00a0y \u2018Transmisisions\u2019). La conclusi\u00f3n del proceso en el Graner sirvi\u00f3 para hacer una valoraci\u00f3n distendida que acab\u00f3 con todas bailando al son de los videos que Vega y\u00a0Pravkina\u00a0compartieron. La emotiva despedida final hizo evidente el estrecho v\u00ednculo entre el artista residente y el grupo de j\u00f3venes de primero del Maria\u00a0Espinalt\u00a0que durante unos meses lo han adoptado como referente art\u00edstico. El tiempo dir\u00e1 qu\u00e9 impacto ha tenido esta experiencia en este grupo de adolescentes.<\/p>\n<p><img decoding=\"async\" loading=\"lazy\" class=\"alignnone size-medium wp-image-55521\" src=\"https:\/\/old.mercatflors.cat\/wp-content\/uploads\/2022\/05\/Noti-Final-Maria-Espinalt_EnReside\u0300ncia_2021_2022-1-350x233.jpg\" alt=\"\" width=\"350\" height=\"233\" srcset=\"https:\/\/old.mercatflors.cat\/wp-content\/uploads\/2022\/05\/Noti-Final-Maria-Espinalt_EnReside\u0300ncia_2021_2022-1-350x233.jpg 350w, https:\/\/old.mercatflors.cat\/wp-content\/uploads\/2022\/05\/Noti-Final-Maria-Espinalt_EnReside\u0300ncia_2021_2022-1-768x512.jpg 768w, https:\/\/old.mercatflors.cat\/wp-content\/uploads\/2022\/05\/Noti-Final-Maria-Espinalt_EnReside\u0300ncia_2021_2022-1-735x490.jpg 735w\" sizes=\"(max-width: 350px) 100vw, 350px\" \/>\u00a0 \u00a0\u00a0<img decoding=\"async\" loading=\"lazy\" class=\"alignnone size-medium wp-image-55524\" src=\"https:\/\/old.mercatflors.cat\/wp-content\/uploads\/2022\/05\/Noti-Final-Maria-Espinalt_EnReside\u0300ncia_2021_2022-2-350x233.jpg\" alt=\"\" width=\"350\" height=\"233\" srcset=\"https:\/\/old.mercatflors.cat\/wp-content\/uploads\/2022\/05\/Noti-Final-Maria-Espinalt_EnReside\u0300ncia_2021_2022-2-350x233.jpg 350w, https:\/\/old.mercatflors.cat\/wp-content\/uploads\/2022\/05\/Noti-Final-Maria-Espinalt_EnReside\u0300ncia_2021_2022-2-768x512.jpg 768w, https:\/\/old.mercatflors.cat\/wp-content\/uploads\/2022\/05\/Noti-Final-Maria-Espinalt_EnReside\u0300ncia_2021_2022-2-735x490.jpg 735w\" sizes=\"(max-width: 350px) 100vw, 350px\" \/><\/p>\n<p><img decoding=\"async\" loading=\"lazy\" class=\"alignnone size-medium wp-image-55527\" src=\"https:\/\/old.mercatflors.cat\/wp-content\/uploads\/2022\/05\/Noti-Final-Maria-Espinalt_EnReside\u0300ncia_2021_2022-3-350x263.jpg\" alt=\"\" width=\"350\" height=\"263\" srcset=\"https:\/\/old.mercatflors.cat\/wp-content\/uploads\/2022\/05\/Noti-Final-Maria-Espinalt_EnReside\u0300ncia_2021_2022-3-350x263.jpg 350w, https:\/\/old.mercatflors.cat\/wp-content\/uploads\/2022\/05\/Noti-Final-Maria-Espinalt_EnReside\u0300ncia_2021_2022-3-768x576.jpg 768w, https:\/\/old.mercatflors.cat\/wp-content\/uploads\/2022\/05\/Noti-Final-Maria-Espinalt_EnReside\u0300ncia_2021_2022-3-653x490.jpg 653w\" sizes=\"(max-width: 350px) 100vw, 350px\" \/>\u00a0 \u00a0\u00a0<img decoding=\"async\" loading=\"lazy\" class=\"alignnone size-medium wp-image-55530\" src=\"https:\/\/old.mercatflors.cat\/wp-content\/uploads\/2022\/05\/Noti-Final-Maria-Espinalt_EnReside\u0300ncia_2021_2022-4-350x263.jpg\" alt=\"\" width=\"350\" height=\"263\" srcset=\"https:\/\/old.mercatflors.cat\/wp-content\/uploads\/2022\/05\/Noti-Final-Maria-Espinalt_EnReside\u0300ncia_2021_2022-4-350x263.jpg 350w, https:\/\/old.mercatflors.cat\/wp-content\/uploads\/2022\/05\/Noti-Final-Maria-Espinalt_EnReside\u0300ncia_2021_2022-4-768x576.jpg 768w, https:\/\/old.mercatflors.cat\/wp-content\/uploads\/2022\/05\/Noti-Final-Maria-Espinalt_EnReside\u0300ncia_2021_2022-4-653x490.jpg 653w\" sizes=\"(max-width: 350px) 100vw, 350px\" \/><\/p>\n<p>Mira y escucha a los protagonistas en el VIDEO-REPORTAJE del proyecto\u00a0<a href=\"https:\/\/youtu.be\/0swwQYJQbMg\"><strong><span style=\"color: #0000ff;\">aqu\u00ed<\/span><\/strong><\/a><\/p>\n<p>Pod\u00e9is seguir el DIARIO DEL PROCESO\u00a0<span style=\"color: #0000ff;\"><a style=\"color: #0000ff;\" href=\"https:\/\/blocsenresidencia.bcn.cat\/mariaespinalt2022\/\">aqu\u00ed<\/a><\/span><\/p>\n<p>La residencia en el Institut Escola Tur\u00f3 de Roquetes, por su parte, se podr\u00e1 seguir\u00a0<span style=\"color: #0000ff;\"><a style=\"color: #0000ff;\" href=\"https:\/\/blocsenresidencia.bcn.cat\/turoroquetes2022\/\">aqu\u00ed<\/a><\/span><\/p>\n<p><em>EN RESiD\u00c8NCiA es un programa del Instituto de Cultura de Barcelona y el Consorcio de Educaci\u00f3n de Barcelona, ideado en cooperaci\u00f3n con la Asociaci\u00f3n A\u00a0Bao\u00a0A\u00a0Qu, que lleva los creadores a trabajar durante todo un curso en el aula. Este trabajo, que concluye con la presentaci\u00f3n de una pieza, en este caso vinculada a la danza y el movimiento, pone en di\u00e1logo de una manera intensa y significativa la creaci\u00f3n, educaci\u00f3n y mediaci\u00f3n.<\/em><\/p>\n","protected":false},"excerpt":{"rendered":"<p>El artista residente\u00a0Adrian\u00a0Vega, el alumnado de primero del Instituto Maria\u00a0Espinalt\u00a0y [&hellip;]<\/p>\n","protected":false},"author":1,"featured_media":0,"comment_status":"open","ping_status":"open","sticky":false,"template":"","format":"standard","meta":[],"categories":[16,4],"tags":[],"_links":{"self":[{"href":"https:\/\/old.mercatflors.cat\/es\/wp-json\/wp\/v2\/posts\/55535\/"}],"collection":[{"href":"https:\/\/old.mercatflors.cat\/es\/wp-json\/wp\/v2\/posts\/"}],"about":[{"href":"https:\/\/old.mercatflors.cat\/es\/wp-json\/wp\/v2\/types\/post\/"}],"author":[{"embeddable":true,"href":"https:\/\/old.mercatflors.cat\/es\/wp-json\/wp\/v2\/users\/1\/"}],"replies":[{"embeddable":true,"href":"https:\/\/old.mercatflors.cat\/es\/wp-json\/wp\/v2\/comments\/?post=55535"}],"version-history":[{"count":0,"href":"https:\/\/old.mercatflors.cat\/es\/wp-json\/wp\/v2\/posts\/55535\/revisions\/"}],"wp:attachment":[{"href":"https:\/\/old.mercatflors.cat\/es\/wp-json\/wp\/v2\/media\/?parent=55535"}],"wp:term":[{"taxonomy":"category","embeddable":true,"href":"https:\/\/old.mercatflors.cat\/es\/wp-json\/wp\/v2\/categories\/?post=55535"},{"taxonomy":"post_tag","embeddable":true,"href":"https:\/\/old.mercatflors.cat\/es\/wp-json\/wp\/v2\/tags\/?post=55535"}],"curies":[{"name":"wp","href":"https:\/\/api.w.org\/{rel}","templated":true}]}}