{"id":56224,"date":"2022-07-03T12:06:13","date_gmt":"2022-07-03T11:06:13","guid":{"rendered":"https:\/\/old.mercatflors.cat\/?p=56224"},"modified":"2022-11-28T10:40:18","modified_gmt":"2022-11-28T09:40:18","slug":"adios-a-peter-brook","status":"publish","type":"post","link":"https:\/\/old.mercatflors.cat\/es\/actualidad\/adios-a-peter-brook\/","title":{"rendered":"Adi\u00f3s a Peter Brook"},"content":{"rendered":"<p>Desde el Mercat de les Flors queremos despedir a Peter Brook con un recuerdo especial: gracias a sus piezas <em>Carmen<\/em>\u00a0el a\u00f1o 1983 y <em>Mahabarata<\/em>\u00a0el a\u00f1o 1985, el Mercat de repente gan\u00f3 una nueva identidad y se convirti\u00f3 en un referente de la cultura m\u00e1s vanguardista de Barcelona. Las dos magn\u00edficas piezas del director ingl\u00e9s hicieron posible que los representantes ciudadanos del momento, Pasqual Maragall en Alcald\u00eda y Maria Aur\u00e8lia Capmany al frente de Cultura de la ciudad, habilitaran el Mercat como espacio emblem\u00e1tico de Montju\u00efc. La confluencia del genio de Brook y la habilidad pol\u00edtica dieron lugar a este espacio con casi 40 a\u00f1os de historia, que en aquel momento era dirigido por el director teatral Joan Maria Gual.<\/p>\n<p>El Mercat siempre estar\u00e1 agradecido a Brook por su habilidad en descubrirlo como un espacio \u00fanico e inigualable para las artes esc\u00e9nicas de la ciudad. Gracias, maestro.<\/p>\n","protected":false},"excerpt":{"rendered":"<p>Desde el Mercat de les Flors queremos despedir a Peter [&hellip;]<\/p>\n","protected":false},"author":1,"featured_media":0,"comment_status":"open","ping_status":"open","sticky":false,"template":"","format":"standard","meta":[],"categories":[16],"tags":[],"_links":{"self":[{"href":"https:\/\/old.mercatflors.cat\/es\/wp-json\/wp\/v2\/posts\/56224\/"}],"collection":[{"href":"https:\/\/old.mercatflors.cat\/es\/wp-json\/wp\/v2\/posts\/"}],"about":[{"href":"https:\/\/old.mercatflors.cat\/es\/wp-json\/wp\/v2\/types\/post\/"}],"author":[{"embeddable":true,"href":"https:\/\/old.mercatflors.cat\/es\/wp-json\/wp\/v2\/users\/1\/"}],"replies":[{"embeddable":true,"href":"https:\/\/old.mercatflors.cat\/es\/wp-json\/wp\/v2\/comments\/?post=56224"}],"version-history":[{"count":0,"href":"https:\/\/old.mercatflors.cat\/es\/wp-json\/wp\/v2\/posts\/56224\/revisions\/"}],"wp:attachment":[{"href":"https:\/\/old.mercatflors.cat\/es\/wp-json\/wp\/v2\/media\/?parent=56224"}],"wp:term":[{"taxonomy":"category","embeddable":true,"href":"https:\/\/old.mercatflors.cat\/es\/wp-json\/wp\/v2\/categories\/?post=56224"},{"taxonomy":"post_tag","embeddable":true,"href":"https:\/\/old.mercatflors.cat\/es\/wp-json\/wp\/v2\/tags\/?post=56224"}],"curies":[{"name":"wp","href":"https:\/\/api.w.org\/{rel}","templated":true}]}}