{"id":56751,"date":"2022-09-14T17:41:28","date_gmt":"2022-09-14T16:41:28","guid":{"rendered":"https:\/\/old.mercatflors.cat\/?p=56751"},"modified":"2022-11-28T10:39:23","modified_gmt":"2022-11-28T09:39:23","slug":"convocado-el-concurso-para-la-direccion-artistica-del-proyecto-tot-dansa-2023","status":"publish","type":"post","link":"https:\/\/old.mercatflors.cat\/es\/actualidad\/convocado-el-concurso-para-la-direccion-artistica-del-proyecto-tot-dansa-2023\/","title":{"rendered":"Convocado el concurso para la direcci\u00f3n art\u00edstica del proyecto TOT DANSA 2023"},"content":{"rendered":"<p><strong>Este a\u00f1o las entidades impulsoras promueven una direcci\u00f3n art\u00edstica formada por un equipo de dos personas<\/strong><\/p>\n<p>El proyecto educativo TOT DANSA, dirigido a los centros de educaci\u00f3n secundaria y promovido por el Institut de Cultura &#8211; Ajuntament de Barcelona, el Institut del Teatre &#8211; Diputaci\u00f3 de Barcelona y el Consorci Mercat de les Flors, pone en marcha una nueva edici\u00f3n y convoca el concurso para seleccionar la direcci\u00f3n art\u00edstica.<\/p>\n<p>El TOT DANSA tiene el objetivo de acercar la danza a los j\u00f3venes y se presenta como una herramienta educativa y de formaci\u00f3n para el profesorado y sobre todo como una vivencia y experiencia positiva, tanto personal como colectiva, para el alumnado adolescente. Se despliega durante el curso escolar, con una muestra final que tiene lugar en el escenario del Mercat de les Flors el mes de mayo. Por sus dimensiones y estructura, a partir del actual curso 22\/23, las entidades impulsoras consideran la necesidad de abrir la direcci\u00f3n art\u00edstica del proyecto a un equipo de dos personas.<\/p>\n<p><em>El plazo de presentaci\u00f3n de propuestas acaba el jueves 29 de setiembre a las 14 horas.<\/em><\/p>\n<p><a href=\"https:\/\/old.mercatflors.cat\/wp-content\/uploads\/2022\/09\/BASES-Concurs-selecci%C3%B3-equip-art%C3%ADstic-Tot-Dansa-2023-14-9.pdf\"><span style=\"color: #0000ff;\"><u>Consulta las bases del concurso aqu\u00ed<\/u><\/span><\/a><\/p>\n<p><a href=\"https:\/\/old.mercatflors.cat\/mdlfrrhh\/beca\/concurs_tot_dansa_2023\/\"><span style=\"color: #0000ff;\"><u>Formulario de inscripci\u00f3n<\/u><\/span><\/a><\/p>\n<p><a href=\"https:\/\/old.mercatflors.cat\/es\/proyecto-tot-dansa\/\"><span style=\"color: #0000ff;\"><u>Consulta la informaci\u00f3n de ediciones anteriores aqu\u00ed<\/u><\/span><\/a><\/p>\n","protected":false},"excerpt":{"rendered":"<p>Este a\u00f1o las entidades impulsoras promueven una direcci\u00f3n art\u00edstica formada [&hellip;]<\/p>\n","protected":false},"author":1,"featured_media":0,"comment_status":"open","ping_status":"open","sticky":false,"template":"","format":"standard","meta":[],"categories":[16],"tags":[],"_links":{"self":[{"href":"https:\/\/old.mercatflors.cat\/es\/wp-json\/wp\/v2\/posts\/56751\/"}],"collection":[{"href":"https:\/\/old.mercatflors.cat\/es\/wp-json\/wp\/v2\/posts\/"}],"about":[{"href":"https:\/\/old.mercatflors.cat\/es\/wp-json\/wp\/v2\/types\/post\/"}],"author":[{"embeddable":true,"href":"https:\/\/old.mercatflors.cat\/es\/wp-json\/wp\/v2\/users\/1\/"}],"replies":[{"embeddable":true,"href":"https:\/\/old.mercatflors.cat\/es\/wp-json\/wp\/v2\/comments\/?post=56751"}],"version-history":[{"count":0,"href":"https:\/\/old.mercatflors.cat\/es\/wp-json\/wp\/v2\/posts\/56751\/revisions\/"}],"wp:attachment":[{"href":"https:\/\/old.mercatflors.cat\/es\/wp-json\/wp\/v2\/media\/?parent=56751"}],"wp:term":[{"taxonomy":"category","embeddable":true,"href":"https:\/\/old.mercatflors.cat\/es\/wp-json\/wp\/v2\/categories\/?post=56751"},{"taxonomy":"post_tag","embeddable":true,"href":"https:\/\/old.mercatflors.cat\/es\/wp-json\/wp\/v2\/tags\/?post=56751"}],"curies":[{"name":"wp","href":"https:\/\/api.w.org\/{rel}","templated":true}]}}