{"id":56859,"date":"2022-09-22T10:10:37","date_gmt":"2022-09-22T09:10:37","guid":{"rendered":"https:\/\/old.mercatflors.cat\/?p=56859"},"modified":"2022-09-22T10:10:37","modified_gmt":"2022-09-22T09:10:37","slug":"presentacion-temporada-2022-2023","status":"publish","type":"post","link":"https:\/\/old.mercatflors.cat\/es\/general-es\/presentacion-temporada-2022-2023\/","title":{"rendered":"Presentaci\u00f3n Temporada 2022-2023"},"content":{"rendered":"<p><img decoding=\"async\" loading=\"lazy\" class=\"alignnone size-medium wp-image-56657\" src=\"https:\/\/old.mercatflors.cat\/wp-content\/uploads\/2022\/09\/MDLF_Muta_Imatges_Carrusel_790x490px-350x217.jpg\" alt=\"\" width=\"350\" height=\"217\" srcset=\"https:\/\/old.mercatflors.cat\/wp-content\/uploads\/2022\/09\/MDLF_Muta_Imatges_Carrusel_790x490px-350x217.jpg 350w, https:\/\/old.mercatflors.cat\/wp-content\/uploads\/2022\/09\/MDLF_Muta_Imatges_Carrusel_790x490px-768x476.jpg 768w, https:\/\/old.mercatflors.cat\/wp-content\/uploads\/2022\/09\/MDLF_Muta_Imatges_Carrusel_790x490px.jpg 790w\" sizes=\"(max-width: 350px) 100vw, 350px\" \/><\/p>\n<p>C\u00f3mo si fuera fruto de una cosecha excepcional, la temporada 2022\/23 presenta una programaci\u00f3n muy especial, extensa, diversa, espectacular; cultivada con cuidado y sin prisa, esperando al buen tiempo para llegar. Piezas como la fruta en su punto maduro de cada creador.<\/p>\n<p>Este programa recoge proyectos que hemos estado persiguiendo durante mucho tiempo para ofrecerlos a nuestra comunidad; recuperando proyectos internacionales que hab\u00edan quedado en la reserva, esperando m\u00e1s fluidez en los viajes y tener la posibilidad de acercarnos a las obras y artistas con todos los sentidos, sin distancias de seguridad, m\u00e1s cuerpo a cuerpo.<\/p>\n<p>Hemos querido tambi\u00e9n re-programar coproducciones de piezas excelentes que se han podido ver poco, por la reducci\u00f3n de los aforos o porque la danza pasa demasiado deprisa; queremos que resuenen y que m\u00e1s p\u00fablico las descubra.<\/p>\n<p>A lo largo de la temporada encontrar\u00e9is mucha danza, mucha coreograf\u00eda, mucha danza con m\u00fasica en vivo, mucho gran formato, tambi\u00e9n solos, escenas \u00edntimas, constelaciones, retrospectivas, d\u00edpticos, mucha fricci\u00f3n entre cuerpo y objeto, disciplinas en di\u00e1logo, miradas cr\u00edticas y cuerpos pol\u00edticos, grandes trayectorias y voces emergentes, escena h\u00edbrida o artes vivas, una programaci\u00f3n para todas las edades y esperamos que para casi todos los gustos.<\/p>\n<p>Muta, quien baila muta. Qui\u00e9n muta se atreve, mira las cosas desde perspectivas nuevas, se transforma, se adapta e incluso a veces mejora.<\/p>\n<p>La presente temporada es una invitaci\u00f3n a mudar nuestra mirada, de la mano de artistas poco convencionales que hace tiempo que se han atrevido a mutar y han transformado la escena, dislocando el gesto, cambiando convenciones.<\/p>\n<p>Confiamos en la capacidad de muchos artistas al percibir aquello que hay que observar, al encontrar una belleza all\u00e1 donde todav\u00eda no la hab\u00edamos buscado.<\/p>\n<p>Confiamos en el cuerpo que baila. Bailad!<\/p>\n","protected":false},"excerpt":{"rendered":"<p>C\u00f3mo si fuera fruto de una cosecha excepcional, la temporada [&hellip;]<\/p>\n","protected":false},"author":1,"featured_media":0,"comment_status":"open","ping_status":"open","sticky":false,"template":"","format":"standard","meta":[],"categories":[4],"tags":[],"_links":{"self":[{"href":"https:\/\/old.mercatflors.cat\/es\/wp-json\/wp\/v2\/posts\/56859\/"}],"collection":[{"href":"https:\/\/old.mercatflors.cat\/es\/wp-json\/wp\/v2\/posts\/"}],"about":[{"href":"https:\/\/old.mercatflors.cat\/es\/wp-json\/wp\/v2\/types\/post\/"}],"author":[{"embeddable":true,"href":"https:\/\/old.mercatflors.cat\/es\/wp-json\/wp\/v2\/users\/1\/"}],"replies":[{"embeddable":true,"href":"https:\/\/old.mercatflors.cat\/es\/wp-json\/wp\/v2\/comments\/?post=56859"}],"version-history":[{"count":0,"href":"https:\/\/old.mercatflors.cat\/es\/wp-json\/wp\/v2\/posts\/56859\/revisions\/"}],"wp:attachment":[{"href":"https:\/\/old.mercatflors.cat\/es\/wp-json\/wp\/v2\/media\/?parent=56859"}],"wp:term":[{"taxonomy":"category","embeddable":true,"href":"https:\/\/old.mercatflors.cat\/es\/wp-json\/wp\/v2\/categories\/?post=56859"},{"taxonomy":"post_tag","embeddable":true,"href":"https:\/\/old.mercatflors.cat\/es\/wp-json\/wp\/v2\/tags\/?post=56859"}],"curies":[{"name":"wp","href":"https:\/\/api.w.org\/{rel}","templated":true}]}}