{"id":57234,"date":"2022-10-25T14:16:56","date_gmt":"2022-10-25T13:16:56","guid":{"rendered":"https:\/\/old.mercatflors.cat\/?p=57234"},"modified":"2022-11-28T10:40:53","modified_gmt":"2022-11-28T09:40:53","slug":"espectaculos-coproducidos-por-el-mercat-de-les-flors-ganadores-de-los-premis-dansacat-2022","status":"publish","type":"post","link":"https:\/\/old.mercatflors.cat\/es\/actualidad\/espectaculos-coproducidos-por-el-mercat-de-les-flors-ganadores-de-los-premis-dansacat-2022\/","title":{"rendered":"Espect\u00e1culos coproducidos por el Mercat de les Flors ganadores de los Premis Dansacat 2022"},"content":{"rendered":"<p>Ayer\u00a0lunes 24 de octubre la Sala Apolo acogi\u00f3 la gala de entrega de los <strong>Premis Dansacat 2022<\/strong>, unos galardones que quieren reconocer, incentivar y promocionar el trabajo de las profesionales de la danza en Catalunya, recogiendo sus diferentes realidades y contemplando sus vertientes art\u00edsticas y tambi\u00e9n sociales. De entre los ganadores y ganadoras de esta edici\u00f3n hay varios espect\u00e1culos que han sido coproducidos por el Mercat de les Flors, en concreto:<\/p>\n<p><strong>Premio al mejor espect\u00e1culo<\/strong>:<\/p>\n<p>HIGHLANDS, de Mal Pelo<\/p>\n<p><strong>Premio al mejor vestuario<\/strong>:<\/p>\n<p>Silvia Delagneau, por SONOMA, de La Veronal<\/p>\n<p><strong>Premio al mejor espacio esc\u00e9nico<\/strong>:<\/p>\n<p>Laura Clos \u2018Closca\u2019, por ROJOS, de Miquel Barcelona<\/p>\n<p><strong>Premio al mejor espacio sonoro<\/strong>:<\/p>\n<p>Fanny Thollot, por HIGHLANDS, de Mal Pelo<\/p>\n<p><strong>Premio al mejor dise\u00f1o de iluminaci\u00f3n<\/strong>:<\/p>\n<p>Ana Rovira, por THE BLACK BODY, THE BLUE MIND AND THE FLUORESCENT GUTS, de S\u00f2nia G\u00f3mez<\/p>\n<p><strong>Premio proyecto social<\/strong>:<\/p>\n<p>La dansa s\u2019apropa<\/p>\n","protected":false},"excerpt":{"rendered":"<p>Ayer\u00a0lunes 24 de octubre la Sala Apolo acogi\u00f3 la gala [&hellip;]<\/p>\n","protected":false},"author":1,"featured_media":0,"comment_status":"open","ping_status":"open","sticky":false,"template":"","format":"standard","meta":[],"categories":[16],"tags":[],"_links":{"self":[{"href":"https:\/\/old.mercatflors.cat\/es\/wp-json\/wp\/v2\/posts\/57234\/"}],"collection":[{"href":"https:\/\/old.mercatflors.cat\/es\/wp-json\/wp\/v2\/posts\/"}],"about":[{"href":"https:\/\/old.mercatflors.cat\/es\/wp-json\/wp\/v2\/types\/post\/"}],"author":[{"embeddable":true,"href":"https:\/\/old.mercatflors.cat\/es\/wp-json\/wp\/v2\/users\/1\/"}],"replies":[{"embeddable":true,"href":"https:\/\/old.mercatflors.cat\/es\/wp-json\/wp\/v2\/comments\/?post=57234"}],"version-history":[{"count":0,"href":"https:\/\/old.mercatflors.cat\/es\/wp-json\/wp\/v2\/posts\/57234\/revisions\/"}],"wp:attachment":[{"href":"https:\/\/old.mercatflors.cat\/es\/wp-json\/wp\/v2\/media\/?parent=57234"}],"wp:term":[{"taxonomy":"category","embeddable":true,"href":"https:\/\/old.mercatflors.cat\/es\/wp-json\/wp\/v2\/categories\/?post=57234"},{"taxonomy":"post_tag","embeddable":true,"href":"https:\/\/old.mercatflors.cat\/es\/wp-json\/wp\/v2\/tags\/?post=57234"}],"curies":[{"name":"wp","href":"https:\/\/api.w.org\/{rel}","templated":true}]}}