{"id":5728,"date":"2013-01-31T11:41:27","date_gmt":"2013-01-31T11:41:27","guid":{"rendered":"https:\/\/old.mercatflors.cat\/?p=5728"},"modified":"2013-03-25T16:18:04","modified_gmt":"2013-03-25T16:18:04","slug":"v-jornadas-sobre-la-inclusion-social-y-la-educacion-en-las-artes-escenicas","status":"publish","type":"post","link":"https:\/\/old.mercatflors.cat\/es\/actualidad\/v-jornadas-sobre-la-inclusion-social-y-la-educacion-en-las-artes-escenicas\/","title":{"rendered":"V Jornadas sobre la Inclusi\u00f3n Social y la Educaci\u00f3n en las Artes Esc\u00e9nicas"},"content":{"rendered":"<p>Esta quinta edici\u00f3n se celebrar\u00e1 en Barcelona, en la sede del Institut del Teatre, los <strong>d\u00edas 20 y 21 de marzo de 2013<\/strong>, enmarcada dentro del programa de actividades que conmemoran el centenario de esa prestigiosa instituci\u00f3n educativa.<\/p>\n<p>Las Jornadas de 2013 est\u00e1n organizadas conjuntamente por seis instituciones p\u00fablicas y privadas: el Instituto Nacional de las Artes Esc\u00e9nicas y de la M\u00fasica del Ministerio de Educaci\u00f3n, Cultura y Deporte, el British Council Espa\u00f1a, la Embajada del Reino de los Pa\u00edses Bajos en Espa\u00f1a, la asociaci\u00f3n Red Espa\u00f1ola de Teatros, Auditorios, Circuitos y Festivales de Titularidad P\u00fablica, el centro cultural y social de Caja Madrid \u201cLa Casa Encendida\u201d y el Institut del Teatre de la Diputaci\u00f3n de Barcelona, sede las Jornadas.<\/p>\n<p>El programa de trabajo previsto tratar\u00e1 de dar respuestas y orientaciones a la delicada situaci\u00f3n actual en este campo art\u00edstico, incidiendo adem\u00e1s en la financiaci\u00f3n y en c\u00f3mo se abordan estos temas en el \u00e1mbito de la educaci\u00f3n reglada.<\/p>\n<p>Habr\u00e1 profesionales del Reino Unido, de los Pa\u00edses Bajos, Espa\u00f1a, M\u00e9xico e Israel. las Jornadas recuperan en 2013 la programaci\u00f3n de espect\u00e1culos: uno de la compa\u00f1\u00eda de danza del Institut del Teatre, <strong>IT Dansa<\/strong>, que actuar\u00e1 el d\u00eda 20 de marzo, y otro de la compa\u00f1\u00eda sevillana <strong>Danza Mobile<\/strong>, que clausurar\u00e1 las Jornadas el 21 de marzo.<\/p>\n<p>Las V Jornadas abordar\u00e1n diferentes tem\u00e1ticas bajo dos formatos de presentaci\u00f3n: <strong>ponencias<\/strong> matinales a cargo de los ponentes y <strong>seminarios-debate<\/strong> por la tarde. A estos \u00faltimos se invitar\u00e1 a participar, aparte de a los propios ponentes de la sesi\u00f3n matinal, a diferentes expertos en las materias previstas, en un espacio abierto al di\u00e1logo con los asistentes, propiciando el contraste de pareceres y la pluralidad de opiniones y experiencias.<\/p>\n<p>Por \u00faltimo, con el objetivo de que el encuentro dinamice el contacto e intercambio entre los asistentes, se habilitar\u00e1n unos espacios y horarios concretos para <strong>encuentros informales<\/strong> con objeto de que aquellos participantes interesados en presentar sus proyectos o plantear temas fuera de programa oficial de las Jornadas, puedan hacerlo de forma c\u00f3moda y as\u00ed intercambiar experiencias y darlas a conocer a otros asistentes de las Jornadas.<\/p>\n<p>Se adjunta tambi\u00e9n un documento de <strong>preinscripci\u00f3n<\/strong> para las V Jornadas que deber\u00e1 enviarse cumplimentado al correo <a href=\"mailto:jornadasinclusionsocial@inaem.mecd.es\">jornadasinclusionsocial@inaem.mecd.es<\/a>. Las personas interesadas en inscribirse deber\u00e1n enviar obligatoriamente esa ficha de preinscripci\u00f3n cumplimentada en su totalidad y deber\u00e1n esperar a recibir la confirmaci\u00f3n desde el correo de la organizaci\u00f3n para oficializar dicha inscripci\u00f3n. Al igual que en ediciones anteriores la inscripci\u00f3n a las Jornadas es gratuita.<\/p>\n<p>La recepci\u00f3n de solicitudes de preinscripci\u00f3n en las V Jornadas sobre la Inclusi\u00f3n Social y la Educaci\u00f3n en las Artes Esc\u00e9nicas <strong><span style=\"text-decoration: underline;\">finalizar\u00e1 a las 14.00 horas del d\u00eda 1 de marzo de 2013<\/span><\/strong>.<\/p>\n<p>El <strong>aforo est\u00e1 limitado<\/strong> y la confirmaci\u00f3n de la organizaci\u00f3n es requisito imprescindible para poder asistir a las Jornadas de 2013.<\/p>\n<p>Las personas que deseen <strong>informaci\u00f3n<\/strong> adicional sobre las Jornadas pueden solicitarla tambi\u00e9n a trav\u00e9s del mismo correo electr\u00f3nico de las Jornadas <a href=\"mailto:jornadasinclusionsocial@inaem.mecd.es\">jornadasinclusionsocial@inaem.mecd.es<\/a>, o\u00a0 a trav\u00e9s de la oficina de coordinaci\u00f3n de La Red en <a href=\"mailto:formacion@redescena.net\">formacion@redescena.net<\/a><\/p>\n<p>Documento de preinscripci\u00f3n\u00a0<a href=\"http:\/\/www.mercatflors.cat\/2012-2013\/premsa\/preinscripcion_jornadas_2013.pdf\" target=\"_blank\">AQU\u00cd<\/a><\/p>\n<p>Programa Jornadas\u00a0<strong><a href=\"http:\/\/www.mercatflors.cat\/2012-2013\/premsa\/programa_jornadas_2013.pdf\" target=\"_blank\">AQU\u00cd\u00a0<\/a><\/strong><\/p>\n<p>Mail contacto e inscripci\u00f3n\u00a0<a href=\"mailto:jornadasinclusionsocial@inaem.mecd.es\">jornadasinclusionsocial@inaem.mecd.es<\/a><\/p>\n","protected":false},"excerpt":{"rendered":"<p>Esta quinta edici\u00f3n se celebrar\u00e1 en Barcelona, en la sede [&hellip;]<\/p>\n","protected":false},"author":1,"featured_media":0,"comment_status":"open","ping_status":"open","sticky":false,"template":"","format":"standard","meta":[],"categories":[16],"tags":[],"_links":{"self":[{"href":"https:\/\/old.mercatflors.cat\/es\/wp-json\/wp\/v2\/posts\/5728\/"}],"collection":[{"href":"https:\/\/old.mercatflors.cat\/es\/wp-json\/wp\/v2\/posts\/"}],"about":[{"href":"https:\/\/old.mercatflors.cat\/es\/wp-json\/wp\/v2\/types\/post\/"}],"author":[{"embeddable":true,"href":"https:\/\/old.mercatflors.cat\/es\/wp-json\/wp\/v2\/users\/1\/"}],"replies":[{"embeddable":true,"href":"https:\/\/old.mercatflors.cat\/es\/wp-json\/wp\/v2\/comments\/?post=5728"}],"version-history":[{"count":0,"href":"https:\/\/old.mercatflors.cat\/es\/wp-json\/wp\/v2\/posts\/5728\/revisions\/"}],"wp:attachment":[{"href":"https:\/\/old.mercatflors.cat\/es\/wp-json\/wp\/v2\/media\/?parent=5728"}],"wp:term":[{"taxonomy":"category","embeddable":true,"href":"https:\/\/old.mercatflors.cat\/es\/wp-json\/wp\/v2\/categories\/?post=5728"},{"taxonomy":"post_tag","embeddable":true,"href":"https:\/\/old.mercatflors.cat\/es\/wp-json\/wp\/v2\/tags\/?post=5728"}],"curies":[{"name":"wp","href":"https:\/\/api.w.org\/{rel}","templated":true}]}}