{"id":57350,"date":"2022-11-02T15:02:44","date_gmt":"2022-11-02T14:02:44","guid":{"rendered":"https:\/\/old.mercatflors.cat\/?p=57350"},"modified":"2023-02-09T09:39:08","modified_gmt":"2023-02-09T08:39:08","slug":"silvia-sant-funk-y-monica-muntaner-ganan-el-concurso-publico-para-la-direccion-artistica-del-tot-dansa-2023","status":"publish","type":"post","link":"https:\/\/old.mercatflors.cat\/es\/actualidad\/silvia-sant-funk-y-monica-muntaner-ganan-el-concurso-publico-para-la-direccion-artistica-del-tot-dansa-2023\/","title":{"rendered":"S\u00edlvia\u00a0Sant\u00a0Funk\u00a0y M\u00f2nica Muntaner ganan el concurso p\u00fablico para la direcci\u00f3n art\u00edstica del TOT DANSA 2023"},"content":{"rendered":"<p><strong>Este a\u00f1o, por primera vez las entidades impulsoras del Tot Dansa han promovido una direcci\u00f3n coreogr\u00e1fica formada por un equipo de dos personas. El equipo art\u00edstico escogido est\u00e1 formado por las bailarinas y core\u00f3grafas S\u00edlvia\u00a0Sant\u00a0Funk\u00a0y M\u00f2nica Muntaner con el proyecto creativo \u2018UMHLABA\u00a0significa mundo en zul\u00fa\u2019.<\/strong><\/p>\n<p>La propuesta ganadora quiere acercarse a diferentes nociones de la idea de mundo, utilizando la escena como una oportunidad para coger ideas, emociones y sensaciones y plasmarlas en una experiencia compartida. Los y las j\u00f3venes explorar\u00e1n esta tem\u00e1tica desde tres perspectivas: la individual, la comunitaria y la planetaria, y las har\u00e1n reales poniendo el cuerpo en acci\u00f3n sobre el escenario, construyendo met\u00e1foras ef\u00edmeras de esto tan grande y tan peque\u00f1o que puede ser nuestro mundo.<\/p>\n<p>En palabras de Sant Funk\u00a0y Muntaner, \u201csomos una min\u00fascula parte de un mundo muy grande, como un granito de arena en un desierto, una parte de algo que no podemos coger. Somos tambi\u00e9n parte de un mundo que conocemos, una comunidad, en relaci\u00f3n con la cual, nos construimos y tenemos conciencia que existimos. A la vez somos seres \u00fanicos y singulares, con ideas, emociones y proyecciones que van mucho m\u00e1s all\u00e1 de nuestro tama\u00f1o. C\u00f3mo podemos acercarnos a esta mezcla de distancias, medidas y perspectivas de que est\u00e1 hecho nuestro mundo?\u201d.<\/p>\n<p>Las dos artistas seleccionadas han compartido buena parte de su trayectoria profesional. Son fundadoras (junto con Bea Fern\u00e1ndez) de La Poderosa \u2013 Espacio por la danza y sus contaminantes \u2013 y el colectivo de creaci\u00f3n\u00a0Las\u00a0Santas. En los \u00faltimos a\u00f1os han trabajado por separado desarrollando proyectos creativos, pedag\u00f3gicos y de acompa\u00f1amiento a las personas. Ahora vuelven a complementarse, sumando experiencia e inquietudes creativas con una propuesta coreogr\u00e1fica por el Tot Dansa 2023.<\/p>\n<p>TOT DANSA es un proyecto intr\u00ednsecamente educativo desde la pr\u00e1ctica art\u00edstica en el aula dirigido en los centros de educaci\u00f3n de secundaria y bachillerato p\u00fablicos de la ciudad de Barcelona, y tiene por finalidad introducir, promover y dar a conocer el lenguaje del movimiento y la danza de creaci\u00f3n contempor\u00e1nea al p\u00fablico joven. Organizado conjuntamente por el\u00a0ICUB, el Institut del Teatre y el Mercat de les Flors, el proyecto acerca esta especialidad art\u00edstica en los institutos para promover espacios \u00fanicos de expresi\u00f3n a partir de experiencias y propuestas art\u00edsticas diversas, y para que acontezca un proceso de aprendizaje y conexi\u00f3n y una herramienta formativa y educativa, tanto para el alumnado como para el profesorado implicado. Durante todo el a\u00f1o, la direcci\u00f3n art\u00edstica seleccionada se hace cargo de la formaci\u00f3n del profesorado, del proceso de creaci\u00f3n y de la direcci\u00f3n de las muestras del resultado final al escenario del Mercat de les Flors, el mes de mayo 2023. Por sus dimensiones y estructura, a partir del curso 22\/23, las entidades impulsoras han promovido una direcci\u00f3n art\u00edstica formada por un equipo de dos personas.<\/p>\n","protected":false},"excerpt":{"rendered":"<p>Este a\u00f1o, por primera vez las entidades impulsoras del Tot [&hellip;]<\/p>\n","protected":false},"author":1,"featured_media":0,"comment_status":"open","ping_status":"open","sticky":false,"template":"","format":"standard","meta":[],"categories":[16],"tags":[],"_links":{"self":[{"href":"https:\/\/old.mercatflors.cat\/es\/wp-json\/wp\/v2\/posts\/57350\/"}],"collection":[{"href":"https:\/\/old.mercatflors.cat\/es\/wp-json\/wp\/v2\/posts\/"}],"about":[{"href":"https:\/\/old.mercatflors.cat\/es\/wp-json\/wp\/v2\/types\/post\/"}],"author":[{"embeddable":true,"href":"https:\/\/old.mercatflors.cat\/es\/wp-json\/wp\/v2\/users\/1\/"}],"replies":[{"embeddable":true,"href":"https:\/\/old.mercatflors.cat\/es\/wp-json\/wp\/v2\/comments\/?post=57350"}],"version-history":[{"count":0,"href":"https:\/\/old.mercatflors.cat\/es\/wp-json\/wp\/v2\/posts\/57350\/revisions\/"}],"wp:attachment":[{"href":"https:\/\/old.mercatflors.cat\/es\/wp-json\/wp\/v2\/media\/?parent=57350"}],"wp:term":[{"taxonomy":"category","embeddable":true,"href":"https:\/\/old.mercatflors.cat\/es\/wp-json\/wp\/v2\/categories\/?post=57350"},{"taxonomy":"post_tag","embeddable":true,"href":"https:\/\/old.mercatflors.cat\/es\/wp-json\/wp\/v2\/tags\/?post=57350"}],"curies":[{"name":"wp","href":"https:\/\/api.w.org\/{rel}","templated":true}]}}