{"id":574,"date":"2012-04-19T11:17:55","date_gmt":"2012-04-19T11:17:55","guid":{"rendered":"https:\/\/old.mercatflors.cat\/?p=574"},"modified":"2012-07-20T11:18:10","modified_gmt":"2012-07-20T11:18:10","slug":"la-iv-edicion-del-bide-barcelona-international-dance-exchange-en-el-graner","status":"publish","type":"post","link":"https:\/\/old.mercatflors.cat\/es\/actualidad\/la-iv-edicion-del-bide-barcelona-international-dance-exchange-en-el-graner\/","title":{"rendered":"La IV edici\u00f3n del BIDE (Barcelona International Dance Exchange), en el Graner"},"content":{"rendered":"<p>El Graner es el nuevo centro de investigaci\u00f3n y creaci\u00f3n de profundizaci\u00f3n del lenguaje del cuerpo y el movimiento, ubicado en el barrio de la Marina. Incluido dentro el Programa F\u00e1bricas de Creaci\u00f3n del Ayuntamiento de Barcelona, sus l\u00edneas de trabajo se estructuran sobre tres ejes principales: proximidad, creaci\u00f3n y pensamiento. El Graner acoge residencias de creadores de danza, desarrolla proyectos de cooperaci\u00f3n art\u00edstica con otros agentes culturales nacionales e internacionales\u00a0 y promueve la integraci\u00f3n del espacio en el barrio, entre otros objetivos.<\/p>\n<p>Del 18 al 22 de abril el Graner acoger\u00e1 la cuarta edici\u00f3n de BIDE (Barcelona International Dance Exchange), donde 50 core\u00f3grafos, bailarines y performers profesionales trabajar\u00e1n bajo la forma de laboratorios.<\/p>\n<p>BIDE es una plataforma \u00fanica en su concepto porque introduce los laboratorios como m\u00e9todo de trabajo en la danza contempor\u00e1nea. De esta manera propone una forma de trabajo horizontal, un espacio para conocerse y \u00a0trabajar juntos, encontrar inspiraci\u00f3n y favorecer futuras colaboraciones.<\/p>\n<p>Durante la semana, los participantes de BIDE realizar\u00e1n intervenciones art\u00edsticas con los vecinos y vecinas del barrio de la Marina. El BIDE 2012 terminar\u00e1 con una flashmob el domingo 22 de abril a las 19h en los Jardines de los Derechos Humanos (entrada por calle Jane Addams)\u00a0 en la que el Graner \u00a0os invita a participar. Adem\u00e1s, se proyectar\u00e1 un v\u00eddeo que ha contado con la participaci\u00f3n de los vecinos y vecinas del barrio.<\/p>\n<p>M\u00e1s info\u00a0<a href=\"http:\/\/bide.be\/\" target=\"_blank\">BIDE<\/a><br \/>\nm\u00e1s info\u00a0<a href=\"http:\/\/granerbcn.cat\/\" target=\"_blank\">GRANER<\/a><\/p>\n","protected":false},"excerpt":{"rendered":"<p>El Graner es el nuevo centro de investigaci\u00f3n y creaci\u00f3n [&hellip;]<\/p>\n","protected":false},"author":1,"featured_media":0,"comment_status":"open","ping_status":"open","sticky":false,"template":"","format":"standard","meta":[],"categories":[16],"tags":[],"_links":{"self":[{"href":"https:\/\/old.mercatflors.cat\/es\/wp-json\/wp\/v2\/posts\/574\/"}],"collection":[{"href":"https:\/\/old.mercatflors.cat\/es\/wp-json\/wp\/v2\/posts\/"}],"about":[{"href":"https:\/\/old.mercatflors.cat\/es\/wp-json\/wp\/v2\/types\/post\/"}],"author":[{"embeddable":true,"href":"https:\/\/old.mercatflors.cat\/es\/wp-json\/wp\/v2\/users\/1\/"}],"replies":[{"embeddable":true,"href":"https:\/\/old.mercatflors.cat\/es\/wp-json\/wp\/v2\/comments\/?post=574"}],"version-history":[{"count":0,"href":"https:\/\/old.mercatflors.cat\/es\/wp-json\/wp\/v2\/posts\/574\/revisions\/"}],"wp:attachment":[{"href":"https:\/\/old.mercatflors.cat\/es\/wp-json\/wp\/v2\/media\/?parent=574"}],"wp:term":[{"taxonomy":"category","embeddable":true,"href":"https:\/\/old.mercatflors.cat\/es\/wp-json\/wp\/v2\/categories\/?post=574"},{"taxonomy":"post_tag","embeddable":true,"href":"https:\/\/old.mercatflors.cat\/es\/wp-json\/wp\/v2\/tags\/?post=574"}],"curies":[{"name":"wp","href":"https:\/\/api.w.org\/{rel}","templated":true}]}}