{"id":57415,"date":"2022-11-15T17:02:59","date_gmt":"2022-11-15T16:02:59","guid":{"rendered":"https:\/\/old.mercatflors.cat\/?p=57415"},"modified":"2023-02-09T09:40:29","modified_gmt":"2023-02-09T08:40:29","slug":"se-inicia-el-nuevo-curso-del-proyecto-cuerpo-y-movimiento-0-3","status":"publish","type":"post","link":"https:\/\/old.mercatflors.cat\/es\/actualidad\/se-inicia-el-nuevo-curso-del-proyecto-cuerpo-y-movimiento-0-3\/","title":{"rendered":"Se inicia el nuevo curso del Proyecto \u201cCuerpo y Movimiento 0-3\u201d"},"content":{"rendered":"<p><strong>Un proyecto del Mercat de les Flors, en colaboraci\u00f3n con el Institut Municipal d\u2019Educaci\u00f3 del Ajuntament de Barcelona (IMEB), para las escuelas de pre-infantil<\/strong><\/p>\n<p>Este curso 2022-2023 participan las siguientes escuelas: EBM Can Drag\u00f3, EBM Clot de la Mel, EBM Enxaneta, EBM L\u2019Harmonia, EBM L\u2019Estaci\u00f3, EBM Manigua, EBM Nenes i nens, EBM Tres Turons y EBM La Verneda<\/p>\n<p>Este proyecto, con una duraci\u00f3n de tres a\u00f1os, pretende incorporar el movimiento y la danza en las din\u00e1micas y el d\u00eda a d\u00eda de los peque\u00f1os y educadoras de pre-infantil.<\/p>\n<p><iframe loading=\"lazy\" width=\"500\" height=\"281\" src=\"https:\/\/www.youtube.com\/embed\/81NN0FNWoZU?feature=oembed\" frameborder=\"0\" allow=\"accelerometer; autoplay; clipboard-write; encrypted-media; gyroscope; picture-in-picture; web-share\" allowfullscreen title=\"COS i MOVIMENT 0-3 (Temporada 2021-2022)\"><\/iframe><\/p>\n","protected":false},"excerpt":{"rendered":"<p>Un proyecto del Mercat de les Flors, en colaboraci\u00f3n con [&hellip;]<\/p>\n","protected":false},"author":1,"featured_media":0,"comment_status":"open","ping_status":"open","sticky":false,"template":"","format":"standard","meta":[],"categories":[16],"tags":[],"_links":{"self":[{"href":"https:\/\/old.mercatflors.cat\/es\/wp-json\/wp\/v2\/posts\/57415\/"}],"collection":[{"href":"https:\/\/old.mercatflors.cat\/es\/wp-json\/wp\/v2\/posts\/"}],"about":[{"href":"https:\/\/old.mercatflors.cat\/es\/wp-json\/wp\/v2\/types\/post\/"}],"author":[{"embeddable":true,"href":"https:\/\/old.mercatflors.cat\/es\/wp-json\/wp\/v2\/users\/1\/"}],"replies":[{"embeddable":true,"href":"https:\/\/old.mercatflors.cat\/es\/wp-json\/wp\/v2\/comments\/?post=57415"}],"version-history":[{"count":0,"href":"https:\/\/old.mercatflors.cat\/es\/wp-json\/wp\/v2\/posts\/57415\/revisions\/"}],"wp:attachment":[{"href":"https:\/\/old.mercatflors.cat\/es\/wp-json\/wp\/v2\/media\/?parent=57415"}],"wp:term":[{"taxonomy":"category","embeddable":true,"href":"https:\/\/old.mercatflors.cat\/es\/wp-json\/wp\/v2\/categories\/?post=57415"},{"taxonomy":"post_tag","embeddable":true,"href":"https:\/\/old.mercatflors.cat\/es\/wp-json\/wp\/v2\/tags\/?post=57415"}],"curies":[{"name":"wp","href":"https:\/\/api.w.org\/{rel}","templated":true}]}}