{"id":57891,"date":"2023-01-09T16:44:10","date_gmt":"2023-01-09T15:44:10","guid":{"rendered":"https:\/\/old.mercatflors.cat\/?p=57891"},"modified":"2023-02-14T10:39:20","modified_gmt":"2023-02-14T09:39:20","slug":"nuevo-cel%c2%b7lula-lab-transmision-de-la-pieza-calico-mingling-de-lucinda-childs-con-ty-boomershine","status":"publish","type":"post","link":"https:\/\/old.mercatflors.cat\/es\/general-es\/nuevo-cel%c2%b7lula-lab-transmision-de-la-pieza-calico-mingling-de-lucinda-childs-con-ty-boomershine\/","title":{"rendered":"Nuevo C\u00c8L\u00b7LULA LAB: Transmisi\u00f3n de la pieza &#8216;Calico Mingling&#8217;, de Lucinda Childs, con Ty Boomershine"},"content":{"rendered":"<p><strong>C\u00c8L\u00b7LULA_LAB #11<\/strong><\/p>\n<p><strong>Del 13 al 18 de febrero de 2023 de 10 a 14 h<\/strong><\/p>\n<p><strong>Presentaci\u00f3n abierta s\u00e1bado 18 de febrero (12 h) y s\u00e1bado 4 de marzo (17 h)<\/strong><\/p>\n<p>En febrero\/marzo de 2023 tendr\u00e1 lugar la constelaci\u00f3n de la core\u00f3grafa americana <strong>Lucinda Childs, <\/strong>en la que podremos ver piezas hist\u00f3rics y creaciones actuales de una de las grandes figuras de la danza moderna y post-moderna americana.<\/p>\n<p>Dentro de esta constelaci\u00f3n y como parte del proyecto C\u00c8L\u00b7LULA_LAB programamos una transmisi\u00f3n de una de las piezas cortas fundacionales del trabajo de Lucinda Childs, <strong><em>Calico Mingling<\/em><\/strong><em>, <\/em>creada en 1973 para ser interpretada por 4 bailarinas. Este laboratorio ser\u00e1 impartido por <strong>Ty Boomershine<\/strong>.<\/p>\n<p>En la propuesta de transmisi\u00f3n de esta coreograf\u00eda el inter\u00e9s est\u00e1 en la propia pr\u00e1ctica de bailarla, con la experiencia que supone la ejecuci\u00f3n de este trabajo y conocer desde dentro la estructura y partitura de la obra.<\/p>\n<p>Se trata de una propuesta de formaci\u00f3n y experiencia en repertorio de danza postmoderna. Va dirigida a bailarinas\/es que quieran tener esta experiencia, es una pr\u00e1ctica de concentraci\u00f3n muy concreta para llegar a aprender, ejecutar y entender la creaci\u00f3n.<\/p>\n<p><strong><u>CALENDARIO DE LA CONVOCATORIA<\/u><\/strong><\/p>\n<p>Este laboratorio plantea una transmisi\u00f3n de la pieza a <strong>8 bailarinas-ballarines<\/strong> durante la semana <strong>del 13 al 18 de febrero de 10 a 14 h<\/strong>. Incluye una pausa de 30 minutos.<\/p>\n<p>Lugar: espacios del Mercat de les Flors y plaza Margarita Xirg\u00fa<strong>.<\/strong><\/p>\n<ul>\n<li>Fecha de inscripcionse: De <strong>jueves 5 a lunes 23 de enero de 2023.<\/strong><\/li>\n<li>Presentaci\u00f3n abierta: <strong>S\u00e1bado 18 de febrero a las 12 h (con charla posterior) y s\u00e1bado 4 de marzo a las 17 h.<\/strong><\/li>\n<\/ul>\n<p><strong><u>REQUISITOS DE LAS PERSONAS INTERESADAS<\/u><\/strong><\/p>\n<ul>\n<li>Hay <strong>8 plazas<\/strong> para bailarines\/as disponibles que se otorgar\u00e1n por selecci\u00f3n de curr\u00edculum y breve carta de motivaci\u00f3n. En casos de iguales condiciones, seg\u00fan orden de inscripci\u00f3n.<\/li>\n<li>Disponibilidad y compromiso en todos los d\u00edas y horarios del taller y presentaciones abiertas.<strong><br \/>\n<\/strong><\/li>\n<\/ul>\n<p><strong><u>INFORMACI\u00d3N E INSCRIPCI\u00d3 A LA CONVOCAT\u00d2RIA<\/u><\/strong><\/p>\n<p>Para la inscripci\u00f3n al taller se requiere enviar la <strong>ficha de inscripci\u00f3n<\/strong>, una <strong>carta de motivaci\u00f3n<\/strong> y un <strong>breve curr\u00edculum<\/strong> hasta el lunes 23 de enero.<\/p>\n<ol>\n<li>Env\u00edo ficha de inscripci\u00f3n, CV sintetizado y carta de motivaci\u00f3n a: <a href=\"mailto:participa@mercatflors.cat\">participa@mercatflors.cat<\/a> \u2013 Ref. \u201c<strong>C\u00c8L\u00b7LULA LAB CALICO MINGLING<\/strong><strong>\u201d<\/strong><\/li>\n<li>Ficha de inscripci\u00f3n <a href=\"https:\/\/old.mercatflors.cat\/wp-content\/uploads\/2023\/01\/Fitxa-inscripci\u00f3-Convocat\u00f2ria-LAB-11.pdf\"><u>aqu\u00ed<\/u><\/a><\/li>\n<\/ol>\n<p><strong><u>INFORMACI\u00d3N DE LA PIEZA <em>CALICO MINGLING<\/em><\/u><\/strong><\/p>\n<p>Art\u00edculos de Lou Foster sobre <em>Calico Mingling<\/em>:<\/p>\n<ul>\n<li><a href=\"https:\/\/www.mdpi.com\/2076-0752\/10\/1\/7\">https:\/\/www.mdpi.com\/2076-0752\/10\/1\/7<\/a><\/li>\n<li><a href=\"https:\/\/www.researchgate.net\/figure\/Lucinda-Childs-reduction-for-Calico-Mingling-1973-photocopy-85-11-Fonds_fig4_348685855\">https:\/\/www.researchgate.net\/figure\/Lucinda-Childs-reduction-for-Calico-Mingling-1973-photocopy-85-11-Fonds_fig4_348685855<\/a><\/li>\n<\/ul>\n<p>Lucinda Childs Dance:<\/p>\n<ul>\n<li><a href=\"https:\/\/www.lucindachilds.com\/choreography-pre90.php#79\">https:\/\/www.lucindachilds.com\/choreography-pre90.php#79<\/a><\/li>\n<\/ul>\n<p><strong>Ty Boomershine<\/strong> naci\u00f3n en EEUU en 1968 y estudi\u00f3 danza en la Fort Hayes School for the Performing Arts de Columbus, Ohio, completando sus estudios con una licenciatura en Bellas Artes en Stephens College de Columbia, Missouri. En Nueva York bail\u00f3 para Dan Wagoner, DANCENOISE, Gus Solomons Jr., Bill T. Jones, Ton Simons, el conjunto de repertorio Merce Cunningham y Lucinda Childs. En los Pa\u00edses Bajos trabaj\u00f3 con Rotterdam Dance Group, Karin Post, LeineRoebana, Giulia Mureddu, Emio Greco | PC i Nicole Beutler. En 2009 volvi\u00f3 a representar y actuar en las obras ic\u00f3nicas de Lucinda Childs, <em>Dance<\/em> y <em>Available Light<\/em>, y en 2012 actu\u00f3 como solista destacado en la reposici\u00f3n y posterior gira mundial de 4 a\u00f1os de la \u00f3pera <em>Einstein on the Beach<\/em>, de Robert Wilson y Philip Glass.<\/p>\n<p>Ha estado presentando sus propias obras coreogr\u00e1ficas desde 1993 en Movement Research y en Danspace Project de Nueva York, as\u00ed como en la OT301 y el Holland Festival de \u00c1msterdam.<\/p>\n<p>Desde 2007 act\u00faa como asistente art\u00edstico de Lucinda Childs, poniendo en escena sus obras y asisti\u00e9ndola en diversos proyectos en todo el mundo.<\/p>\n<p>Ty Boomershine, como director de la compa\u00f1\u00eda DANCE ON, presentar\u00e1 la pieza <em>Works in silence<\/em> los d\u00edas 3 y 4 de marzo de 2023 en la Sala OM del Mercat de les Flors, en el marco de la Constelaci\u00f3n de Lucinda Childs.<\/p>\n<p>La\u00a0<strong>Fundaci\u00f3 Banc Sabadell<\/strong> apoya el proyectu <strong>C\u00c8L\u00b7LULA<\/strong>.<\/p>\n<p><b><img decoding=\"async\" loading=\"lazy\" class=\"alignnone size-full wp-image-43059\" src=\"https:\/\/old.mercatflors.cat\/wp-content\/uploads\/2019\/07\/sabadellfund.png\" alt=\"\" width=\"152\" height=\"55\" \/><\/b><\/p>\n","protected":false},"excerpt":{"rendered":"<p>C\u00c8L\u00b7LULA_LAB #11 Del 13 al 18 de febrero de 2023 [&hellip;]<\/p>\n","protected":false},"author":1,"featured_media":0,"comment_status":"open","ping_status":"open","sticky":false,"template":"","format":"standard","meta":[],"categories":[16,4],"tags":[],"_links":{"self":[{"href":"https:\/\/old.mercatflors.cat\/es\/wp-json\/wp\/v2\/posts\/57891\/"}],"collection":[{"href":"https:\/\/old.mercatflors.cat\/es\/wp-json\/wp\/v2\/posts\/"}],"about":[{"href":"https:\/\/old.mercatflors.cat\/es\/wp-json\/wp\/v2\/types\/post\/"}],"author":[{"embeddable":true,"href":"https:\/\/old.mercatflors.cat\/es\/wp-json\/wp\/v2\/users\/1\/"}],"replies":[{"embeddable":true,"href":"https:\/\/old.mercatflors.cat\/es\/wp-json\/wp\/v2\/comments\/?post=57891"}],"version-history":[{"count":0,"href":"https:\/\/old.mercatflors.cat\/es\/wp-json\/wp\/v2\/posts\/57891\/revisions\/"}],"wp:attachment":[{"href":"https:\/\/old.mercatflors.cat\/es\/wp-json\/wp\/v2\/media\/?parent=57891"}],"wp:term":[{"taxonomy":"category","embeddable":true,"href":"https:\/\/old.mercatflors.cat\/es\/wp-json\/wp\/v2\/categories\/?post=57891"},{"taxonomy":"post_tag","embeddable":true,"href":"https:\/\/old.mercatflors.cat\/es\/wp-json\/wp\/v2\/tags\/?post=57891"}],"curies":[{"name":"wp","href":"https:\/\/api.w.org\/{rel}","templated":true}]}}