{"id":57921,"date":"2023-01-13T11:55:28","date_gmt":"2023-01-13T10:55:28","guid":{"rendered":"https:\/\/old.mercatflors.cat\/?p=57921"},"modified":"2023-01-13T11:55:28","modified_gmt":"2023-01-13T10:55:28","slug":"angels-margarit-continua-dos-anos-mas-al-frente-del-mercat-de-les-flors","status":"publish","type":"post","link":"https:\/\/old.mercatflors.cat\/es\/actualidad\/angels-margarit-continua-dos-anos-mas-al-frente-del-mercat-de-les-flors\/","title":{"rendered":"\u00c0ngels Margarit contin\u00faa dos a\u00f1os m\u00e1s al frente del Mercat de les Flors"},"content":{"rendered":"<p>Se prorroga el mandato de \u00c0ngels Margarit como directora del Mercat de les Flors hasta febrero de 2025. Esta pr\u00f3rroga ha sido aprobada por las administraciones que forman el Consejo que rige el Mercat (Ayuntamiento de Barcelona y Generalitat de Catalunya) para que contin\u00fae llevando a cabo su proyecto al frente de la Casa de la Danza. Esta renovaci\u00f3n est\u00e1 planteada desde 2021 como continuidad del proyecto comprendido entre los a\u00f1os 2022 y 2025, dividido en dos per\u00edodos, el segundo de los cuales ha sido recientemente confirmado.<\/p>\n<p>Los objetivos principales siguen siendo la difusi\u00f3n de la danza y el fortalecimiento del tejido creativo, as\u00ed como el apoyo a los artistas en sus procesos.<\/p>\n","protected":false},"excerpt":{"rendered":"<p>Se prorroga el mandato de \u00c0ngels Margarit como directora del [&hellip;]<\/p>\n","protected":false},"author":1,"featured_media":0,"comment_status":"open","ping_status":"open","sticky":false,"template":"","format":"standard","meta":[],"categories":[16],"tags":[],"_links":{"self":[{"href":"https:\/\/old.mercatflors.cat\/es\/wp-json\/wp\/v2\/posts\/57921\/"}],"collection":[{"href":"https:\/\/old.mercatflors.cat\/es\/wp-json\/wp\/v2\/posts\/"}],"about":[{"href":"https:\/\/old.mercatflors.cat\/es\/wp-json\/wp\/v2\/types\/post\/"}],"author":[{"embeddable":true,"href":"https:\/\/old.mercatflors.cat\/es\/wp-json\/wp\/v2\/users\/1\/"}],"replies":[{"embeddable":true,"href":"https:\/\/old.mercatflors.cat\/es\/wp-json\/wp\/v2\/comments\/?post=57921"}],"version-history":[{"count":0,"href":"https:\/\/old.mercatflors.cat\/es\/wp-json\/wp\/v2\/posts\/57921\/revisions\/"}],"wp:attachment":[{"href":"https:\/\/old.mercatflors.cat\/es\/wp-json\/wp\/v2\/media\/?parent=57921"}],"wp:term":[{"taxonomy":"category","embeddable":true,"href":"https:\/\/old.mercatflors.cat\/es\/wp-json\/wp\/v2\/categories\/?post=57921"},{"taxonomy":"post_tag","embeddable":true,"href":"https:\/\/old.mercatflors.cat\/es\/wp-json\/wp\/v2\/tags\/?post=57921"}],"curies":[{"name":"wp","href":"https:\/\/api.w.org\/{rel}","templated":true}]}}