{"id":58143,"date":"2023-02-08T13:48:23","date_gmt":"2023-02-08T12:48:23","guid":{"rendered":"https:\/\/old.mercatflors.cat\/?p=58143"},"modified":"2023-04-12T09:51:36","modified_gmt":"2023-04-12T08:51:36","slug":"tres-producciones-del-mercat-de-gira-por-cataluna","status":"publish","type":"post","link":"https:\/\/old.mercatflors.cat\/es\/general-es\/tres-producciones-del-mercat-de-gira-por-cataluna\/","title":{"rendered":"Tres producciones del Mercat, de gira por Catalu\u00f1a"},"content":{"rendered":"<p>Con el apoyo del Departament de Cultura de la Generalitat, los grandes equipamientos nacionales est\u00e1n de gira este 2023 por todo el territorio acercando producciones de primera l\u00ednea de artes esc\u00e9nicas y m\u00fasica en municipios de Catalu\u00f1a. En el \u00e1mbito de la danza, el Mercat de les Flors girar\u00e1 con <em>R\u00e8quiem nocturn<\/em>, de Pere Faura \/ La Di\u00fcrna; <em>Tradere<\/em>, de Laia Santanach, y<em> Made of Space<\/em> de Guy Nader y Maria Campos. <em>R\u00e8quiem nocturn<\/em> empezar\u00e1 la gira a mediados de marzo hasta el mes de mayo, <em>Made of Space<\/em> se podr\u00e1 ver los meses de marzo, octubre y noviembre, y <em>Tradere<\/em>, que inici\u00f3 la gira el pasado viernes en el Teatre Auditori de Granollers, podr\u00e1 verse hasta el oto\u00f1o.<\/p>\n<p><span style=\"color: #800000;\"><strong>\u201cR\u00e8quiem Nocturn\u201d de Pere Faura \/ La Di\u00fcrna<\/strong><\/span><\/p>\n<table style=\"height: 329px;\" width=\"461\">\n<tbody>\n<tr>\n<td width=\"135\"><strong>Municipio<\/strong><\/td>\n<td width=\"159\"><strong>Equipamiento<\/strong><\/td>\n<td width=\"116\"><strong>Fecha funci\u00f3n<\/strong><\/td>\n<\/tr>\n<tr>\n<td width=\"135\">Badalona<\/td>\n<td width=\"159\">Teatre Zorrilla<\/td>\n<td width=\"116\">Viernes\u00a0 17\/3<\/td>\n<\/tr>\n<tr>\n<td width=\"135\">Girona<\/td>\n<td width=\"159\">Teatre Municipal<\/td>\n<td width=\"116\">S\u00e1bado 25\/3<\/td>\n<\/tr>\n<tr>\n<td width=\"135\">Figueres<\/td>\n<td width=\"159\">Teatre El Jard\u00ed<\/td>\n<td width=\"116\">Viernes 14\/4<\/td>\n<\/tr>\n<tr>\n<td width=\"135\">Lleida<\/td>\n<td width=\"159\">Teatre la Llotja<\/td>\n<td width=\"116\">Domingo 16\/4<\/td>\n<\/tr>\n<tr>\n<td width=\"135\">Vilafranca<\/td>\n<td width=\"159\">Teatre Cal Bolet<\/td>\n<td width=\"116\">Jueves 27\/4<\/td>\n<\/tr>\n<tr>\n<td width=\"135\">Olot<\/td>\n<td width=\"159\">Teatre Principal<\/td>\n<td width=\"116\">S\u00e1bado 29\/4<\/td>\n<\/tr>\n<tr>\n<td width=\"135\">Manresa<\/td>\n<td width=\"159\">Teatre Kursaal<\/td>\n<td width=\"116\">S\u00e1bado 13\/5<\/td>\n<\/tr>\n<tr>\n<td width=\"135\">Vilanova<\/td>\n<td width=\"159\">Teatre Principal<\/td>\n<td width=\"116\">S\u00e1bado 6\/5<\/td>\n<\/tr>\n<\/tbody>\n<\/table>\n<p><strong>\u00a0<\/strong><\/p>\n<p><span style=\"color: #800000;\"><strong>\u201cMade Of Space\u201d de Guy Nader i Maria Campos<\/strong><\/span><\/p>\n<table style=\"height: 134px;\" width=\"462\">\n<tbody>\n<tr>\n<td width=\"135\"><strong>Municipio<\/strong><\/td>\n<td width=\"159\"><strong>Equipamiento<\/strong><\/td>\n<td width=\"116\"><strong>Fecha funci\u00f3n<\/strong><\/td>\n<\/tr>\n<tr>\n<td width=\"135\">Prat del Llobregat<\/td>\n<td width=\"159\">Teatre L&#8217;Artes\u00e0<\/td>\n<td width=\"116\">Domingo 19\/3<\/td>\n<\/tr>\n<tr>\n<td width=\"135\">Manresa<\/td>\n<td width=\"159\">Teatre Kursaal<\/td>\n<td width=\"116\">Viernes\u00a0 27\/10<\/td>\n<\/tr>\n<tr>\n<td width=\"135\">Tarragona<\/td>\n<td width=\"159\">Teatre Tarragona<\/td>\n<td width=\"116\">Viernes 10\/11<\/td>\n<\/tr>\n<\/tbody>\n<\/table>\n<p>&nbsp;<\/p>\n<p><span style=\"color: #800000;\"><strong>\u201cTradere\u201d de Laia Santanach<\/strong><\/span><\/p>\n<table style=\"height: 398px;\" width=\"443\">\n<tbody>\n<tr>\n<td width=\"170\"><strong>Municipio<\/strong><\/td>\n<td width=\"124\"><strong>Equipamiento<\/strong><\/td>\n<td width=\"116\"><strong>Fecha funci\u00f3n<\/strong><\/td>\n<\/tr>\n<tr>\n<td width=\"170\">Granollers Teatre Auditori<\/td>\n<td width=\"124\">Teatre Auditori<\/td>\n<td width=\"116\">Viernes 3\/2<\/td>\n<\/tr>\n<tr>\n<td width=\"170\">Torell\u00f3<\/td>\n<td width=\"124\">Teatre Cirvianum<\/td>\n<td width=\"116\">S\u00e1bado 10\/3<\/td>\n<\/tr>\n<tr>\n<td width=\"170\">Atrium de Viladecans<\/td>\n<td width=\"124\">Atrium<\/td>\n<td width=\"116\">S\u00e1bado 11\/3<\/td>\n<\/tr>\n<tr>\n<td width=\"170\">Matar\u00f3<\/td>\n<td width=\"124\">Teatre Monumental<\/td>\n<td width=\"116\">S\u00e1bado 15\/4<\/td>\n<\/tr>\n<tr>\n<td width=\"170\">Llinars del Vall\u00e8s<\/td>\n<td width=\"124\">Teatre Auditori<\/td>\n<td width=\"116\">Lunes 1\/5<\/td>\n<\/tr>\n<tr>\n<td width=\"170\">Sant Celoni<\/td>\n<td width=\"124\">Teatre Municipal<\/td>\n<td width=\"116\">Oto\u00f1o 2023<\/td>\n<\/tr>\n<tr>\n<td width=\"170\">Manresa<\/td>\n<td width=\"124\">Kursaal<\/td>\n<td width=\"116\">Oto\u00f1o 2023<\/td>\n<\/tr>\n<tr>\n<td width=\"170\">Cardedeu<\/td>\n<td width=\"124\">Teatre Auditori<\/td>\n<td width=\"116\">Oto\u00f1o 2023<\/td>\n<\/tr>\n<tr>\n<td width=\"170\">Badalona<\/td>\n<td width=\"124\">Teatre Zorrilla<\/td>\n<td width=\"116\">Oto\u00f1o 2023<\/td>\n<\/tr>\n<\/tbody>\n<\/table>\n","protected":false},"excerpt":{"rendered":"<p>Con el apoyo del Departament de Cultura de la Generalitat, [&hellip;]<\/p>\n","protected":false},"author":1,"featured_media":0,"comment_status":"open","ping_status":"open","sticky":false,"template":"","format":"standard","meta":[],"categories":[16,4],"tags":[],"_links":{"self":[{"href":"https:\/\/old.mercatflors.cat\/es\/wp-json\/wp\/v2\/posts\/58143\/"}],"collection":[{"href":"https:\/\/old.mercatflors.cat\/es\/wp-json\/wp\/v2\/posts\/"}],"about":[{"href":"https:\/\/old.mercatflors.cat\/es\/wp-json\/wp\/v2\/types\/post\/"}],"author":[{"embeddable":true,"href":"https:\/\/old.mercatflors.cat\/es\/wp-json\/wp\/v2\/users\/1\/"}],"replies":[{"embeddable":true,"href":"https:\/\/old.mercatflors.cat\/es\/wp-json\/wp\/v2\/comments\/?post=58143"}],"version-history":[{"count":0,"href":"https:\/\/old.mercatflors.cat\/es\/wp-json\/wp\/v2\/posts\/58143\/revisions\/"}],"wp:attachment":[{"href":"https:\/\/old.mercatflors.cat\/es\/wp-json\/wp\/v2\/media\/?parent=58143"}],"wp:term":[{"taxonomy":"category","embeddable":true,"href":"https:\/\/old.mercatflors.cat\/es\/wp-json\/wp\/v2\/categories\/?post=58143"},{"taxonomy":"post_tag","embeddable":true,"href":"https:\/\/old.mercatflors.cat\/es\/wp-json\/wp\/v2\/tags\/?post=58143"}],"curies":[{"name":"wp","href":"https:\/\/api.w.org\/{rel}","templated":true}]}}