{"id":58375,"date":"2023-02-23T17:59:35","date_gmt":"2023-02-23T16:59:35","guid":{"rendered":"https:\/\/old.mercatflors.cat\/?p=58375"},"modified":"2023-02-23T17:59:35","modified_gmt":"2023-02-23T16:59:35","slug":"el-mercat-continua-colaborando-con-apropa-cultura","status":"publish","type":"post","link":"https:\/\/old.mercatflors.cat\/es\/actualidad\/el-mercat-continua-colaborando-con-apropa-cultura\/","title":{"rendered":"El Mercat contin\u00faa colaborando con Apropa Cultura"},"content":{"rendered":"<p>Un total de 748 personas se han beneficiado del programa Apropa Cultura, que favorece que las personas en situaci\u00f3n de vulnerabilidad puedan ejercer su derecho a participar de la cultura.<\/p>\n<p>El pasado 2022, el Mercat de les Flors acogi\u00f3 a 748 personas usuarias de entidades sociales a trav\u00e9s de Apropa Cultura de diferentes tipolog\u00edas de colectivo, como el de salud mental y de discapacidad intelectual (los dos tipos m\u00e1s numerosos), as\u00ed como personas refugiadas, gente mayor, personas con enfermedades cr\u00f3nicas, personas con adicciones, etc.<\/p>\n<p>Entre todos los miembros de la red Apropa Cultura se han conseguido un total de\u00a071.000 experiencias\u00a0culturales durante el 2022.<\/p>\n<p><a href=\"https:\/\/www.apropacultura.org\/ca\/barcelona\">Apropa Cultura<\/a><\/p>\n","protected":false},"excerpt":{"rendered":"<p>Un total de 748 personas se han beneficiado del programa [&hellip;]<\/p>\n","protected":false},"author":1,"featured_media":0,"comment_status":"open","ping_status":"open","sticky":false,"template":"","format":"standard","meta":[],"categories":[16],"tags":[],"_links":{"self":[{"href":"https:\/\/old.mercatflors.cat\/es\/wp-json\/wp\/v2\/posts\/58375\/"}],"collection":[{"href":"https:\/\/old.mercatflors.cat\/es\/wp-json\/wp\/v2\/posts\/"}],"about":[{"href":"https:\/\/old.mercatflors.cat\/es\/wp-json\/wp\/v2\/types\/post\/"}],"author":[{"embeddable":true,"href":"https:\/\/old.mercatflors.cat\/es\/wp-json\/wp\/v2\/users\/1\/"}],"replies":[{"embeddable":true,"href":"https:\/\/old.mercatflors.cat\/es\/wp-json\/wp\/v2\/comments\/?post=58375"}],"version-history":[{"count":0,"href":"https:\/\/old.mercatflors.cat\/es\/wp-json\/wp\/v2\/posts\/58375\/revisions\/"}],"wp:attachment":[{"href":"https:\/\/old.mercatflors.cat\/es\/wp-json\/wp\/v2\/media\/?parent=58375"}],"wp:term":[{"taxonomy":"category","embeddable":true,"href":"https:\/\/old.mercatflors.cat\/es\/wp-json\/wp\/v2\/categories\/?post=58375"},{"taxonomy":"post_tag","embeddable":true,"href":"https:\/\/old.mercatflors.cat\/es\/wp-json\/wp\/v2\/tags\/?post=58375"}],"curies":[{"name":"wp","href":"https:\/\/api.w.org\/{rel}","templated":true}]}}